{"id":1031,"date":"2009-10-08T10:22:58","date_gmt":"2009-10-08T08:22:58","guid":{"rendered":"http:\/\/www.dedes.ro\/?p=1031"},"modified":"2009-10-08T10:47:12","modified_gmt":"2009-10-08T08:47:12","slug":"la-cap","status":"publish","type":"post","link":"http:\/\/www.dedes.ro\/index.php\/2009\/10\/08\/la-cap\/","title":{"rendered":"La cap"},"content":{"rendered":"<p><img decoding=\"async\" loading=\"lazy\" class=\"alignleft size-medium wp-image-1032\" title=\"2009_09200018\" src=\"http:\/\/www.dedes.ro\/wp-content\/uploads\/2009\/10\/2009_09200018-300x289.jpg\" alt=\"2009_09200018\" width=\"300\" height=\"289\" srcset=\"http:\/\/www.dedes.ro\/wp-content\/uploads\/2009\/10\/2009_09200018-300x289.jpg 300w, http:\/\/www.dedes.ro\/wp-content\/uploads\/2009\/10\/2009_09200018-1024x987.jpg 1024w\" sizes=\"(max-width: 300px) 100vw, 300px\" \/>Cum ar fi s\u0103 g\u00e2ndim doar cu propriile capete?<\/p>\n<p>Prima condi\u0163ie ar fi s\u0103 avem \u015fi ceva \u00een ele.<\/p>\n<p>P\u00e2n\u0103 la noi ordine r\u0103m\u00e2ne cum s-a stabilit, \u00eenghi\u0163im idei preambalate \u015fi le regurgit\u0103m pe unde avem ocazia.<\/p>\n<p>\u00cen imagine, un cap metalic care din economie de bronz este gol pe din\u0103untru. Capetele de piatr\u0103 din spate au \u00eenceput s\u0103 se lupte.<\/p>\n","protected":false},"excerpt":{"rendered":"<p>Cum ar fi s\u0103 g\u00e2ndim doar cu propriile capete? Prima condi\u0163ie ar fi s\u0103 avem \u015fi ceva \u00een ele. P\u00e2n\u0103 la noi ordine r\u0103m\u00e2ne cum s-a stabilit, \u00eenghi\u0163im idei preambalate \u015fi le regurgit\u0103m pe unde avem ocazia. \u00cen imagine, un cap metalic care din economie de bronz este gol pe din\u0103untru. Capetele de piatr\u0103 din&#8230;<\/p>\n","protected":false},"author":2,"featured_media":0,"comment_status":"open","ping_status":"open","sticky":false,"template":"","format":"standard","meta":[],"categories":[5],"tags":[],"_links":{"self":[{"href":"http:\/\/www.dedes.ro\/index.php\/wp-json\/wp\/v2\/posts\/1031"}],"collection":[{"href":"http:\/\/www.dedes.ro\/index.php\/wp-json\/wp\/v2\/posts"}],"about":[{"href":"http:\/\/www.dedes.ro\/index.php\/wp-json\/wp\/v2\/types\/post"}],"author":[{"embeddable":true,"href":"http:\/\/www.dedes.ro\/index.php\/wp-json\/wp\/v2\/users\/2"}],"replies":[{"embeddable":true,"href":"http:\/\/www.dedes.ro\/index.php\/wp-json\/wp\/v2\/comments?post=1031"}],"version-history":[{"count":2,"href":"http:\/\/www.dedes.ro\/index.php\/wp-json\/wp\/v2\/posts\/1031\/revisions"}],"predecessor-version":[{"id":1034,"href":"http:\/\/www.dedes.ro\/index.php\/wp-json\/wp\/v2\/posts\/1031\/revisions\/1034"}],"wp:attachment":[{"href":"http:\/\/www.dedes.ro\/index.php\/wp-json\/wp\/v2\/media?parent=1031"}],"wp:term":[{"taxonomy":"category","embeddable":true,"href":"http:\/\/www.dedes.ro\/index.php\/wp-json\/wp\/v2\/categories?post=1031"},{"taxonomy":"post_tag","embeddable":true,"href":"http:\/\/www.dedes.ro\/index.php\/wp-json\/wp\/v2\/tags?post=1031"}],"curies":[{"name":"wp","href":"https:\/\/api.w.org\/{rel}","templated":true}]}}