{"id":2234,"date":"2011-10-10T13:03:42","date_gmt":"2011-10-10T11:03:42","guid":{"rendered":"http:\/\/www.dedes.ro\/?p=2234"},"modified":"2011-10-10T14:21:15","modified_gmt":"2011-10-10T12:21:15","slug":"toamna-autentica","status":"publish","type":"post","link":"http:\/\/www.dedes.ro\/index.php\/2011\/10\/10\/toamna-autentica\/","title":{"rendered":"Toamn\u0103 autentic\u0103"},"content":{"rendered":"<p>Pentru mine cel mai toamn\u0103 pe lumea asta e lunea la pr\u00e2nz.<\/p>\n<p>Dac\u0103 din \u00eent\u00e2mplare mai aud \u015fi o melodie fran\u0163uzeasc\u0103 \u015fi v\u0103d doi b\u0103tr\u00e2ni naufragia\u0163i \u00een plin 2011, atunci e toamn\u0103 total\u0103 \u00een ceea ce m\u0103 prive\u015fte.<\/p>\n<p>Ca orice colec\u0163ionar de bricege, care se respect\u0103, din c\u00e2nd \u00een c\u00e2nd le mai \u015fi ascut. Pe r\u00e2nd, evident. Ultima vizit\u0103 la tocilar, un atelier \u00een zona Pie\u0163ii Matache, mi-a dat pu\u0163in sufletul prin piatra groas\u0103 \u015fi dur\u0103 a vie\u0163ii. \u00centr-o \u00eenc\u0103pere mic\u0103, friguroas\u0103, plin\u0103 de lucruri vechi, de la tablouri \u015fi aparate de radio p\u00e2n\u0103 la discuri \u015fi scaune obosite, un b\u0103tr\u00e2n \u015fi o b\u0103tr\u00e2n\u0103 \u00eencerac\u0103 s\u0103 \u0163in\u0103 \u00een picioare o minuscul\u0103 afacere. Doamna preia comenzile \u015fi \u00eencaseaz\u0103 banii, iar el face treaba propriu- zis\u0103. Probabil pentru a tempera un posibil tremur al m\u00e2inilor, care i-ar distruge munca, domnul are bra\u0163ele legate de dou\u0103 c\u00e2rje b\u0103tr\u00e2ne, tabloul de ansamblu fiind de o triste\u0163e incredibil\u0103.<\/p>\n<p>Motorul toarce \u00eencet, Yves Montand \u00ee\u015fi face num\u0103rul de dincolo de moarte, domnul ascute, eu ascult, doamna este amabil\u0103 cu toat\u0103 lumea care \u00eei trece pragul invoc\u00e2nd faptul c\u0103 &#8222;e criz\u0103 doar de bani, nu \u015fi de vorbe bune&#8221;, iar, la final, eu simt c\u0103 m\u0103 aflu \u00eentr-un loc care nu mai are nicio leg\u0103tur\u0103 cu aceast\u0103 lume \u015fi aceste timpuri.<\/p>\n<p>Asculta\u0163i pu\u0163in melodia de mai jos \u015fi ve\u0163i sim\u0163i altfel toamna.<\/p>\n<p><em><strong><a href=\"http:\/\/www.youtube.com\/watch?v=JWfsp8kwJto\" target=\"_blank\">Yves Montand &#8211; Les Feuilles Mortes<\/a><\/strong><\/em><\/p>\n","protected":false},"excerpt":{"rendered":"<p>Pentru mine cel mai toamn\u0103 pe lumea asta e lunea la pr\u00e2nz. Dac\u0103 din \u00eent\u00e2mplare mai aud \u015fi o melodie fran\u0163uzeasc\u0103 \u015fi v\u0103d doi b\u0103tr\u00e2ni naufragia\u0163i \u00een plin 2011, atunci e toamn\u0103 total\u0103 \u00een ceea ce m\u0103 prive\u015fte. Ca orice colec\u0163ionar de bricege, care se respect\u0103, din c\u00e2nd \u00een c\u00e2nd le mai \u015fi ascut. Pe&#8230;<\/p>\n","protected":false},"author":2,"featured_media":0,"comment_status":"open","ping_status":"open","sticky":false,"template":"","format":"standard","meta":[],"categories":[4,5],"tags":[],"_links":{"self":[{"href":"http:\/\/www.dedes.ro\/index.php\/wp-json\/wp\/v2\/posts\/2234"}],"collection":[{"href":"http:\/\/www.dedes.ro\/index.php\/wp-json\/wp\/v2\/posts"}],"about":[{"href":"http:\/\/www.dedes.ro\/index.php\/wp-json\/wp\/v2\/types\/post"}],"author":[{"embeddable":true,"href":"http:\/\/www.dedes.ro\/index.php\/wp-json\/wp\/v2\/users\/2"}],"replies":[{"embeddable":true,"href":"http:\/\/www.dedes.ro\/index.php\/wp-json\/wp\/v2\/comments?post=2234"}],"version-history":[{"count":8,"href":"http:\/\/www.dedes.ro\/index.php\/wp-json\/wp\/v2\/posts\/2234\/revisions"}],"predecessor-version":[{"id":2241,"href":"http:\/\/www.dedes.ro\/index.php\/wp-json\/wp\/v2\/posts\/2234\/revisions\/2241"}],"wp:attachment":[{"href":"http:\/\/www.dedes.ro\/index.php\/wp-json\/wp\/v2\/media?parent=2234"}],"wp:term":[{"taxonomy":"category","embeddable":true,"href":"http:\/\/www.dedes.ro\/index.php\/wp-json\/wp\/v2\/categories?post=2234"},{"taxonomy":"post_tag","embeddable":true,"href":"http:\/\/www.dedes.ro\/index.php\/wp-json\/wp\/v2\/tags?post=2234"}],"curies":[{"name":"wp","href":"https:\/\/api.w.org\/{rel}","templated":true}]}}