{"id":2820,"date":"2012-12-06T11:52:08","date_gmt":"2012-12-06T09:52:08","guid":{"rendered":"http:\/\/www.dedes.ro\/?p=2820"},"modified":"2012-12-06T11:52:49","modified_gmt":"2012-12-06T09:52:49","slug":"actorii","status":"publish","type":"post","link":"http:\/\/www.dedes.ro\/index.php\/2012\/12\/06\/actorii\/","title":{"rendered":"Actorii"},"content":{"rendered":"<p><em>de Marin Sorescu<\/em><\/p>\n<p><a href=\"http:\/\/www.dedes.ro\/wp-content\/uploads\/2012\/12\/masca.jpg\"><img decoding=\"async\" loading=\"lazy\" class=\"alignleft size-medium wp-image-2821\" title=\"masca\" src=\"http:\/\/www.dedes.ro\/wp-content\/uploads\/2012\/12\/masca-300x295.jpg\" alt=\"\" width=\"180\" height=\"177\" srcset=\"http:\/\/www.dedes.ro\/wp-content\/uploads\/2012\/12\/masca-300x295.jpg 300w, http:\/\/www.dedes.ro\/wp-content\/uploads\/2012\/12\/masca.jpg 311w\" sizes=\"(max-width: 180px) 100vw, 180px\" \/><\/a>Cei mai dezinvol\u0163i &#8211; actorii!<br \/>\nCu m\u00e2necile suflecate<br \/>\nCum \u015ftiu ei s\u0103 ne tr\u0103iasc\u0103!<br \/>\nN-am v\u0103zut niciodat\u0103 un s\u0103rut mai perfect<br \/>\nCa al actorilor \u00een actul trei,<br \/>\nC\u00e2nd \u00eencep sentimentele s\u0103 se clarifice<\/p>\n<p>Moartea lor pe scen\u0103 e at\u00e2t de natural\u0103,<br \/>\n\u00cenc\u00e2t, pe l\u00e2ng\u0103 perfec\u0163iunea ei,<br \/>\nCei de prin cimitire,<br \/>\nMor\u0163ii adev\u0103ra\u0163i,<br \/>\nMor\u0163i tragic, odat\u0103 pentru totdeauna,<br \/>\nParc\u0103 mi\u015fc\u0103!<\/p>\n<p>Iar noi, cei \u0163epeni \u00eentr-o singur\u0103 via\u0163\u0103!<br \/>\nNici m\u0103car pe-asta n-o \u015ftim tr\u0103i.<br \/>\nVorbim anapoda sau t\u0103cem ani \u00een \u015fir,<br \/>\nPenibil \u015fi inestetic<br \/>\n\u015ei nu \u015ftim unde dracu s\u0103 ne \u0163inem m\u00e2inile.<\/p>\n","protected":false},"excerpt":{"rendered":"<p>de Marin Sorescu Cei mai dezinvol\u0163i &#8211; actorii! Cu m\u00e2necile suflecate Cum \u015ftiu ei s\u0103 ne tr\u0103iasc\u0103! N-am v\u0103zut niciodat\u0103 un s\u0103rut mai perfect Ca al actorilor \u00een actul trei, C\u00e2nd \u00eencep sentimentele s\u0103 se clarifice Moartea lor pe scen\u0103 e at\u00e2t de natural\u0103, \u00cenc\u00e2t, pe l\u00e2ng\u0103 perfec\u0163iunea ei, Cei de prin cimitire, Mor\u0163ii adev\u0103ra\u0163i,&#8230;<\/p>\n","protected":false},"author":2,"featured_media":0,"comment_status":"open","ping_status":"open","sticky":false,"template":"","format":"standard","meta":[],"categories":[4],"tags":[],"_links":{"self":[{"href":"http:\/\/www.dedes.ro\/index.php\/wp-json\/wp\/v2\/posts\/2820"}],"collection":[{"href":"http:\/\/www.dedes.ro\/index.php\/wp-json\/wp\/v2\/posts"}],"about":[{"href":"http:\/\/www.dedes.ro\/index.php\/wp-json\/wp\/v2\/types\/post"}],"author":[{"embeddable":true,"href":"http:\/\/www.dedes.ro\/index.php\/wp-json\/wp\/v2\/users\/2"}],"replies":[{"embeddable":true,"href":"http:\/\/www.dedes.ro\/index.php\/wp-json\/wp\/v2\/comments?post=2820"}],"version-history":[{"count":2,"href":"http:\/\/www.dedes.ro\/index.php\/wp-json\/wp\/v2\/posts\/2820\/revisions"}],"predecessor-version":[{"id":2823,"href":"http:\/\/www.dedes.ro\/index.php\/wp-json\/wp\/v2\/posts\/2820\/revisions\/2823"}],"wp:attachment":[{"href":"http:\/\/www.dedes.ro\/index.php\/wp-json\/wp\/v2\/media?parent=2820"}],"wp:term":[{"taxonomy":"category","embeddable":true,"href":"http:\/\/www.dedes.ro\/index.php\/wp-json\/wp\/v2\/categories?post=2820"},{"taxonomy":"post_tag","embeddable":true,"href":"http:\/\/www.dedes.ro\/index.php\/wp-json\/wp\/v2\/tags?post=2820"}],"curies":[{"name":"wp","href":"https:\/\/api.w.org\/{rel}","templated":true}]}}