{"id":2868,"date":"2013-01-17T08:40:43","date_gmt":"2013-01-17T06:40:43","guid":{"rendered":"http:\/\/www.dedes.ro\/?p=2868"},"modified":"2013-01-17T16:52:13","modified_gmt":"2013-01-17T14:52:13","slug":"taranii","status":"publish","type":"post","link":"http:\/\/www.dedes.ro\/index.php\/2013\/01\/17\/taranii\/","title":{"rendered":"\u0162\u0103ranii"},"content":{"rendered":"<p><em><a href=\"http:\/\/www.dedes.ro\/wp-content\/uploads\/2013\/01\/Abgar_Baltazar_-_Tarani.jpg\"><img decoding=\"async\" loading=\"lazy\" class=\"alignleft size-medium wp-image-2875\" title=\"Abgar_Baltazar_-_Tarani\" src=\"http:\/\/www.dedes.ro\/wp-content\/uploads\/2013\/01\/Abgar_Baltazar_-_Tarani-300x165.jpg\" alt=\"\" width=\"300\" height=\"165\" srcset=\"http:\/\/www.dedes.ro\/wp-content\/uploads\/2013\/01\/Abgar_Baltazar_-_Tarani-300x165.jpg 300w, http:\/\/www.dedes.ro\/wp-content\/uploads\/2013\/01\/Abgar_Baltazar_-_Tarani.jpg 800w\" sizes=\"(max-width: 300px) 100vw, 300px\" \/><\/a>de Virgil Carianopol<\/em><\/p>\n<p>\u00cei v\u0103d, sunt tot a\u015fa, cu cojoacele rupte,<\/p>\n<p>Cu piepturile \u015fi cu fe\u0163ele supte,<\/p>\n<p>Le sunt m\u00e2inile tot a\u015fa aspre \u015fi dure,<\/p>\n<p>Privirile, tot o\u0163el din t\u0103i\u015f de secure.<\/p>\n<p>Cu ochii ad\u00e2nci \u015fi lucio\u015fi ca ni\u015fte b\u0103ncu\u0163e,<\/p>\n<p>Aduc la ora\u015f dimine\u0163ele \u00een c\u0103ru\u0163e.<\/p>\n<p>Beau \u0163uic\u0103 prin c\u00e2rciumi \u015fi vorbesc tare,<\/p>\n<p>Socotesc banii pe degete \u015fi hambare,<\/p>\n<p>Li se umezesc ochii \u015fi ascult\u0103 du\u015fi<\/p>\n<p>C\u00e2nd \u00ee\u015fi taie \u0163iganul sufletul \u00een arcu\u015f.<\/p>\n<p>\u00cei simt dup\u0103 mirosul cojoacelor ude;<\/p>\n<p>Dar sufletul lor chinuit nu m-aude.<\/p>\n<p>M\u0103 uit \u00een ochii lor tri\u015fti \u015fi ad\u00e2nci,<\/p>\n<p>La m\u00e2inile lor care pot s\u0103 sf\u0103r\u00e2me st\u00e2nci,<\/p>\n<p>\u015ei-mi vine s\u0103 le strig, s\u0103-i trag de mintean:<\/p>\n<p>B\u0103\u0103, sunt \u015fi eu tot ca voi, tot \u0163\u0103ran!<\/p>\n<p>Dar glasul meu se tope\u015fte, e de cear\u0103&#8230;<\/p>\n<p>Seara \u0163\u0103ranii pleac\u0103, cu ora\u015ful suit \u00een car\u0103.<\/p>\n<p>\u00cei petrec p\u00e2n\u0103 la margine, p\u00e2n\u0103 \u00een \u0163ig\u0103nie,<\/p>\n<p>Dar durerea lor, pe str\u0103inul care merge pe al\u0103turi n-are de unde s\u0103-l \u015ftie.<\/p>\n<p>(<em>Ilustratie: Apcar Baltazar- Tarani<\/em>)<\/p>\n","protected":false},"excerpt":{"rendered":"<p>de Virgil Carianopol \u00cei v\u0103d, sunt tot a\u015fa, cu cojoacele rupte, Cu piepturile \u015fi cu fe\u0163ele supte, Le sunt m\u00e2inile tot a\u015fa aspre \u015fi dure, Privirile, tot o\u0163el din t\u0103i\u015f de secure. Cu ochii ad\u00e2nci \u015fi lucio\u015fi ca ni\u015fte b\u0103ncu\u0163e, Aduc la ora\u015f dimine\u0163ele \u00een c\u0103ru\u0163e. Beau \u0163uic\u0103 prin c\u00e2rciumi \u015fi vorbesc tare, Socotesc banii&#8230;<\/p>\n","protected":false},"author":2,"featured_media":0,"comment_status":"open","ping_status":"open","sticky":false,"template":"","format":"standard","meta":[],"categories":[4],"tags":[],"_links":{"self":[{"href":"http:\/\/www.dedes.ro\/index.php\/wp-json\/wp\/v2\/posts\/2868"}],"collection":[{"href":"http:\/\/www.dedes.ro\/index.php\/wp-json\/wp\/v2\/posts"}],"about":[{"href":"http:\/\/www.dedes.ro\/index.php\/wp-json\/wp\/v2\/types\/post"}],"author":[{"embeddable":true,"href":"http:\/\/www.dedes.ro\/index.php\/wp-json\/wp\/v2\/users\/2"}],"replies":[{"embeddable":true,"href":"http:\/\/www.dedes.ro\/index.php\/wp-json\/wp\/v2\/comments?post=2868"}],"version-history":[{"count":8,"href":"http:\/\/www.dedes.ro\/index.php\/wp-json\/wp\/v2\/posts\/2868\/revisions"}],"predecessor-version":[{"id":2879,"href":"http:\/\/www.dedes.ro\/index.php\/wp-json\/wp\/v2\/posts\/2868\/revisions\/2879"}],"wp:attachment":[{"href":"http:\/\/www.dedes.ro\/index.php\/wp-json\/wp\/v2\/media?parent=2868"}],"wp:term":[{"taxonomy":"category","embeddable":true,"href":"http:\/\/www.dedes.ro\/index.php\/wp-json\/wp\/v2\/categories?post=2868"},{"taxonomy":"post_tag","embeddable":true,"href":"http:\/\/www.dedes.ro\/index.php\/wp-json\/wp\/v2\/tags?post=2868"}],"curies":[{"name":"wp","href":"https:\/\/api.w.org\/{rel}","templated":true}]}}