{"id":3128,"date":"2013-09-25T12:59:09","date_gmt":"2013-09-25T10:59:09","guid":{"rendered":"http:\/\/www.dedes.ro\/?p=3128"},"modified":"2013-09-25T13:04:05","modified_gmt":"2013-09-25T11:04:05","slug":"destin","status":"publish","type":"post","link":"http:\/\/www.dedes.ro\/index.php\/2013\/09\/25\/destin\/","title":{"rendered":"Destin"},"content":{"rendered":"<div id=\"_mcePaste\"><a href=\"http:\/\/www.dedes.ro\/wp-content\/uploads\/2013\/09\/DSCF6359.jpg\"><img decoding=\"async\" loading=\"lazy\" class=\"alignleft size-medium wp-image-3129\" title=\"DSCF6359\" src=\"http:\/\/www.dedes.ro\/wp-content\/uploads\/2013\/09\/DSCF6359-300x225.jpg\" alt=\"\" width=\"300\" height=\"225\" srcset=\"http:\/\/www.dedes.ro\/wp-content\/uploads\/2013\/09\/DSCF6359-300x225.jpg 300w, http:\/\/www.dedes.ro\/wp-content\/uploads\/2013\/09\/DSCF6359-1024x768.jpg 1024w\" sizes=\"(max-width: 300px) 100vw, 300px\" \/><\/a><\/p>\n<p class=\"MsoNormal\">\n<p class=\"MsoNormal\">\n<p class=\"MsoNormal\">\n<p class=\"MsoNormal\">\n<p class=\"MsoNormal\">\n<p class=\"MsoNormal\">\n<p class=\"MsoNormal\">\n<p class=\"MsoNormal\">\n<p class=\"MsoNormal\"><span style=\"font-size: 12pt; line-height: 115%; font-family: 'Times New Roman', serif; background-position: initial initial; background-repeat: initial initial;\">.<\/span><\/p>\n<p class=\"MsoNormal\"><span style=\"font-size: 12pt; line-height: 115%; font-family: 'Times New Roman', serif; background-position: initial initial; background-repeat: initial initial;\">.<\/span><\/p>\n<p class=\"MsoNormal\"><span style=\"font-size: 12pt; line-height: 115%; font-family: 'Times New Roman', serif; background-position: initial initial; background-repeat: initial initial;\">.<\/span><\/p>\n<p class=\"MsoNormal\"><span style=\"font-size: 12pt; line-height: 115%; font-family: 'Times New Roman', serif; background-position: initial initial; background-repeat: initial initial;\">.<\/span><\/p>\n<p class=\"MsoNormal\"><span style=\"font-size: 12pt; line-height: 115%; font-family: 'Times New Roman', serif; background-position: initial initial; background-repeat: initial initial;\">.<\/span><\/p>\n<p class=\"MsoNormal\"><span style=\"font-size: 12pt; line-height: 115%; font-family: 'Times New Roman', serif; background-position: initial initial; background-repeat: initial initial;\">.<\/span><\/p>\n<p class=\"MsoNormal\"><span style=\"font-size: 12pt; line-height: 115%; font-family: 'Times New Roman', serif; background-position: initial initial; background-repeat: initial initial;\">.<\/span><\/p>\n<p class=\"MsoNormal\"><span style=\"font-size: 12pt; line-height: 115%; font-family: 'Times New Roman', serif; background-position: initial initial; background-repeat: initial initial;\">.<\/span><\/p>\n<p class=\"MsoNormal\"><span style=\"font-size: 12pt; line-height: 115%; font-family: 'Times New Roman', serif; background-position: initial initial; background-repeat: initial initial;\">.<\/span><\/p>\n<p class=\"MsoNormal\"><span style=\"font-size: 12pt; line-height: 115%; font-family: 'Times New Roman', serif; background-position: initial initial; background-repeat: initial initial;\">.<\/span><\/p>\n<p class=\"MsoNormal\"><span style=\"font-size: 12pt; line-height: 115%; font-family: 'Times New Roman', serif; background-position: initial initial; background-repeat: initial initial;\">(de Dumitru Popescu)<\/span><\/p>\n<p class=\"MsoNormal\"><span style=\"font-size: 12pt; line-height: 115%; font-family: 'Times New Roman', serif; background-position: initial initial; background-repeat: initial initial;\">C\u00e2ntec de leag\u0103n au \u00eeng\u00e2nat pe harfa codrilor<\/span><\/p>\n<p class=\"MsoNormal\"><span style=\"font-size: 12pt; line-height: 115%; font-family: 'Times New Roman', serif; background-position: initial initial; background-repeat: initial initial;\">\u00cen veacuri materne-nl\u0103crimate.<\/span><\/p>\n<p class=\"MsoNormal\"><span style=\"font-size: 12pt; line-height: 115%; font-family: 'Times New Roman', serif; background-position: initial initial; background-repeat: initial initial;\">Din bra\u0163ul arborilor r\u0103stigni\u0163i<\/span><\/p>\n<p class=\"MsoNormal\"><span style=\"font-size: 12pt; line-height: 115%; font-family: 'Times New Roman', serif; background-position: initial initial; background-repeat: initial initial;\">Cioplit-am noduros toiag \u00een pribegia lung\u0103 spre dreptate\u2026<\/span><\/p>\n<p class=\"MsoNormal\"><span style=\"font-size: 12pt; line-height: 115%; font-family: 'Times New Roman', serif; background-position: initial initial; background-repeat: initial initial;\">Doineam \u00eencet \u00een umbra lunii ie\u015fit\u0103 noaptea la p\u0103scut,<\/span><\/p>\n<p class=\"MsoNormal\"><span style=\"font-size: 12pt; line-height: 115%; font-family: 'Times New Roman', serif; background-position: initial initial; background-repeat: initial initial;\">Veghind izvorul somnoros al timpului abia n\u0103scut.<\/span><\/p>\n<p class=\"MsoNormal\"><span style=\"font-size: 12pt; line-height: 115%; font-family: 'Times New Roman', serif; background-position: initial initial; background-repeat: initial initial;\">Din lacurile noastre veneau turmele stelelor s\u0103 bea,<\/span><\/p>\n<p class=\"MsoNormal\"><span style=\"font-size: 12pt; line-height: 115%; font-family: 'Times New Roman', serif; background-position: initial initial; background-repeat: initial initial;\">Cu pieptul s\u0103getat z\u00e2nele despletite \u00ee\u015fi r\u0103sturnau \u00een und\u0103 luntrea.<!--more--><br \/>\n<\/span><\/p>\n<p class=\"MsoNormal\"><span style=\"font-size: 12pt; line-height: 115%; font-family: 'Times New Roman', serif; background-position: initial initial; background-repeat: initial initial;\">\u015eopteau cavalele cu patima aprins\u0103 \u00een\u0103bu\u015fit\u0103 ,<\/span><\/p>\n<p class=\"MsoNormal\"><span style=\"font-size: 12pt; line-height: 115%; font-family: 'Times New Roman', serif; background-position: initial initial; background-repeat: initial initial;\">\u00cenfiorat\u0103 moartea \u00ee\u015fi punea n\u0103fram\u0103 alb\u0103 peste n\u0103frama ei cernit\u0103.<\/span><\/p>\n<p class=\"MsoNormal\"><span style=\"font-size: 12pt; line-height: 115%; font-family: 'Times New Roman', serif; background-position: initial initial; background-repeat: initial initial;\">\u00cen aburul sufl\u0103rii de salc\u00e2m fecioarele jurau Credin\u0163ii,<\/span><\/p>\n<p class=\"MsoNormal\"><span style=\"font-size: 12pt; line-height: 115%; font-family: 'Times New Roman', serif; background-position: initial initial; background-repeat: initial initial;\">B\u0103rba\u0163ii beau cu ciutura am\u0103r\u0103ciunii \u015fi dumicau prescura biruin\u0163ii.<\/span><\/p>\n<p class=\"MsoNormal\"><span style=\"font-size: 12pt; line-height: 115%; font-family: 'Times New Roman', serif; background-position: initial initial; background-repeat: initial initial;\">Drumul se lep\u0103da de colb \u00een sih\u0103strie \u00eenspre soare<\/span><\/p>\n<p class=\"MsoNormal\"><span style=\"font-size: 12pt; line-height: 115%; font-family: 'Times New Roman', serif; background-position: initial initial; background-repeat: initial initial;\">\u015ei sufletul ardea curat ca s\u00e2mburile fl\u0103c\u0103rii de lum\u00e2nare.<\/span><\/p>\n<p class=\"MsoNormal\"><span style=\"font-size: 12pt; line-height: 115%; font-family: 'Times New Roman', serif; background-position: initial initial; background-repeat: initial initial;\">C\u00e2nd uraganele s-au n\u0103pustit n-au luat dec\u00e2t \u0163\u0103r\u00e2n\u0103,<\/span><\/p>\n<p class=\"MsoNormal\"><span style=\"font-size: 12pt; line-height: 115%; font-family: 'Times New Roman', serif; background-position: initial initial; background-repeat: initial initial;\">P\u0103m\u00e2ntul tot e \u00eemp\u00e2nzit cu r\u0103d\u0103cina noastr\u0103 r\u0103sucit\u0103 \u015fi b\u0103tr\u00e2n\u0103.<\/span><\/p>\n<p class=\"MsoNormal\"><span style=\"font-size: 12pt; line-height: 115%; font-family: 'Times New Roman', serif; background-position: initial initial; background-repeat: initial initial;\">Puhoaiele-n copite spulberar\u0103 s\u0103m\u00e2n\u0163a vie<\/span><\/p>\n<p class=\"MsoNormal\"><span style=\"font-size: 12pt; line-height: 115%; font-family: 'Times New Roman', serif; background-position: initial initial; background-repeat: initial initial;\">Cu m\u00e2inile \u00eencle\u015ftate pe coarnele de plug am \u00eengropat-o iar \u00een glie.<\/span><\/p>\n<p class=\"MsoNormal\"><span style=\"font-size: 12pt; line-height: 115%; font-family: 'Times New Roman', serif; background-position: initial initial; background-repeat: initial initial;\">Lan\u0163ul pe care ni l-au prins de m\u00e2ni \u015fi de picioare<\/span><\/p>\n<p class=\"MsoNormal\"><span style=\"font-size: 12pt; line-height: 115%; font-family: 'Times New Roman', serif; background-position: initial initial; background-repeat: initial initial;\">A putrezit pe oasele noastre f\u0103cute dintr-un fier mai tare.<\/span><\/p>\n<p class=\"MsoNormal\"><span style=\"font-size: 12pt; line-height: 115%; font-family: 'Times New Roman', serif; background-position: initial initial; background-repeat: initial initial;\"><!--more--><br \/>\n<\/span><\/p>\n<p class=\"MsoNormal\">\n<p class=\"MsoNormal\"><span style=\"font-size: 12pt; line-height: 115%; font-family: 'Times New Roman', serif; background-position: initial initial; background-repeat: initial initial;\"> <\/span><\/p>\n<\/div>\n","protected":false},"excerpt":{"rendered":"<p>. . . . . . . . . . (de Dumitru Popescu) C\u00e2ntec de leag\u0103n au \u00eeng\u00e2nat pe harfa codrilor \u00cen veacuri materne-nl\u0103crimate. Din bra\u0163ul arborilor r\u0103stigni\u0163i Cioplit-am noduros toiag \u00een pribegia lung\u0103 spre dreptate\u2026 Doineam \u00eencet \u00een umbra lunii ie\u015fit\u0103 noaptea la p\u0103scut, Veghind izvorul somnoros al timpului abia n\u0103scut. Din lacurile noastre&#8230;<\/p>\n","protected":false},"author":2,"featured_media":0,"comment_status":"open","ping_status":"open","sticky":false,"template":"","format":"standard","meta":[],"categories":[4],"tags":[],"_links":{"self":[{"href":"http:\/\/www.dedes.ro\/index.php\/wp-json\/wp\/v2\/posts\/3128"}],"collection":[{"href":"http:\/\/www.dedes.ro\/index.php\/wp-json\/wp\/v2\/posts"}],"about":[{"href":"http:\/\/www.dedes.ro\/index.php\/wp-json\/wp\/v2\/types\/post"}],"author":[{"embeddable":true,"href":"http:\/\/www.dedes.ro\/index.php\/wp-json\/wp\/v2\/users\/2"}],"replies":[{"embeddable":true,"href":"http:\/\/www.dedes.ro\/index.php\/wp-json\/wp\/v2\/comments?post=3128"}],"version-history":[{"count":9,"href":"http:\/\/www.dedes.ro\/index.php\/wp-json\/wp\/v2\/posts\/3128\/revisions"}],"predecessor-version":[{"id":3138,"href":"http:\/\/www.dedes.ro\/index.php\/wp-json\/wp\/v2\/posts\/3128\/revisions\/3138"}],"wp:attachment":[{"href":"http:\/\/www.dedes.ro\/index.php\/wp-json\/wp\/v2\/media?parent=3128"}],"wp:term":[{"taxonomy":"category","embeddable":true,"href":"http:\/\/www.dedes.ro\/index.php\/wp-json\/wp\/v2\/categories?post=3128"},{"taxonomy":"post_tag","embeddable":true,"href":"http:\/\/www.dedes.ro\/index.php\/wp-json\/wp\/v2\/tags?post=3128"}],"curies":[{"name":"wp","href":"https:\/\/api.w.org\/{rel}","templated":true}]}}