{"id":3348,"date":"2014-08-11T13:20:38","date_gmt":"2014-08-11T11:20:38","guid":{"rendered":"http:\/\/www.dedes.ro\/?p=3348"},"modified":"2014-08-11T13:39:59","modified_gmt":"2014-08-11T11:39:59","slug":"acarul-paun-lucreaza-in-presa","status":"publish","type":"post","link":"http:\/\/www.dedes.ro\/index.php\/2014\/08\/11\/acarul-paun-lucreaza-in-presa\/","title":{"rendered":"Acarul P\u0103un lucreaz\u0103 \u00een pres\u0103"},"content":{"rendered":"<p><a href=\"http:\/\/www.dedes.ro\/wp-content\/uploads\/2014\/08\/20046_1339232051048_4994189_n.jpg\"><img decoding=\"async\" loading=\"lazy\" class=\"alignleft size-medium wp-image-3350\" title=\"20046_1339232051048_4994189_n\" src=\"http:\/\/www.dedes.ro\/wp-content\/uploads\/2014\/08\/20046_1339232051048_4994189_n-300x239.jpg\" alt=\"\" width=\"300\" height=\"239\" srcset=\"http:\/\/www.dedes.ro\/wp-content\/uploads\/2014\/08\/20046_1339232051048_4994189_n-300x239.jpg 300w, http:\/\/www.dedes.ro\/wp-content\/uploads\/2014\/08\/20046_1339232051048_4994189_n.jpg 604w\" sizes=\"(max-width: 300px) 100vw, 300px\" \/><\/a>\u00cen urm\u0103 cu ni\u015fte ani, nu mul\u0163i, dar nici pu\u0163ini, eram prezent s\u0103pt\u0103m\u00e2nal la matinalul celor de la postul \u00a0B1TV, unde al\u0103turi de actorul Alexandru Conovaru f\u0103ceam o revist\u0103 a presei sportive, ceva mai glumea\u0163\u0103. Dup\u0103 vreo 2-3 ani de apari\u0163ii matinale, \u00eencepusem s\u0103 \u00a0fiu luat la ochi de pensionarii din cartier. Cum sunt un adev\u0103rat maniac al plimbatului prin pie\u0163e, m\u0103 ciocneam destul de des cu cei autointitula\u0163i &#8222;vulturii pie\u0163elor&#8221;. Mai o glum\u0103, mai un tras amical de urechi pentru c\u0103 eram fie prea antistelist, fie antidinamovist, p\u00e2n\u0103 m-a luat \u00een primire un pensionar, vecin de cartier, care probabil m\u0103 p\u00e2ndea. Pe scurt, omul a \u00eenceput s\u0103 m\u0103 critice tot mai vehement pentru &#8222;p\u00e2inea murdar\u0103 pe care o m\u0103n\u00e2nc \u00een cloaca aia de b\u0103si\u015fti&#8221;. I-am explicat c\u0103 nu abordez teme politice la TV, c\u0103 discut exclusiv despre sport \u00a0\u015fi c\u0103 p\u00e2inea mi-o c\u00e2\u015ftig din alt\u0103 parte, de la un ziar, dar demersul a fost inutil. La un moment dat, prinz\u00e2ndu-m\u0103 la \u00eenghesuial\u0103, la propriu, \u00a0\u00eentr-un autobuz omul a \u00eenceput s\u0103 \u0163ipe c\u0103 am taiat pensiile \u015fi zeci de ochi m-au fixat acuzator. \u00centre timp matinalul a ie\u015fit din gril\u0103, astfel c\u0103 nici eu nu am mai ap\u0103rut la televiziunea care t\u0103ia pensii. Am \u00eenceput s\u0103 fiu invitat tot mai des la GSP TV, post aflat sub p\u0103l\u0103ria lui Dan Voiculescu. Din nou glumi\u0163e prin pie\u0163e, unele mai groase, cu \u00a0ni\u015fte b\u0103ie\u0163i din galeria Stelei care ar dori s\u0103-mi numere din\u0163ii, altele amabile, p\u00e2n\u0103 c\u00e2nd vecinul de cartier m-a luat din nou \u00een vizor. Era mul\u0163umit c\u0103 mi-a venit mintea la cap \u015fi nu mai apar la &#8221; jigodiile alea b\u0103siste&#8221;. L-am \u00eentrebat dac\u0103 acum e m\u00e2ndru de mine c\u0103 sunt invitat la postul lui Voiculescu \u015fi implicit \u00a0i-am dat \u015fi pensia \u00eenapoi. M-a privit cu relativ\u0103 sc\u00e2rb\u0103 \u015fi mi-a zis c\u0103 eu vorbesc numai de sport, ce treab\u0103 am eu cu pensia lui re\u00eentregit\u0103. \u00centre timp a murit \u015fi GSP TV, dar omul nu m-a uitat, a\u015fa cum ar fi fost normal, de altfel mi-a m\u0103rturisit c\u0103 sunt singurul jurnalist pe care \u00eel cunoa\u015fte, de\u015fi nu a citit niciodat\u0103 ce scriu eu pe la ziarele alea care m\u0103 pl\u0103tesc. Din c\u00e2nd \u00een c\u00e2nd m\u0103 \u00a0informeaz\u0103 c\u0103 mai e pu\u0163in \u015fi scap\u0103 \u0163ara de noi, fiind evident c\u0103 m\u0103 consider\u0103 un fel de instrument al lui B\u0103sescu. Sper ca zilele astea s\u0103 nu ne \u00eent\u00e2lnim, simt c\u0103 e foarte nervos \u015fi nu a\u015f vrea s\u0103 stric\u0103m prietenia.<\/p>\n<p>PS<\/p>\n<p>Dac\u0103 a\u015f putea s\u0103 g\u00e2ndesc &#8222;antenistic&#8221; a\u015f spune c\u0103 de dou\u0103 ori \u00een ultimii 10 ani am r\u0103mas \u015fomer din cauza lui B\u0103sescu! Dar nu pot!<\/p>\n","protected":false},"excerpt":{"rendered":"<p>\u00cen urm\u0103 cu ni\u015fte ani, nu mul\u0163i, dar nici pu\u0163ini, eram prezent s\u0103pt\u0103m\u00e2nal la matinalul celor de la postul \u00a0B1TV, unde al\u0103turi de actorul Alexandru Conovaru f\u0103ceam o revist\u0103 a presei sportive, ceva mai glumea\u0163\u0103. Dup\u0103 vreo 2-3 ani de apari\u0163ii matinale, \u00eencepusem s\u0103 \u00a0fiu luat la ochi de pensionarii din cartier. Cum sunt un&#8230;<\/p>\n","protected":false},"author":2,"featured_media":0,"comment_status":"open","ping_status":"open","sticky":false,"template":"","format":"standard","meta":[],"categories":[5],"tags":[],"_links":{"self":[{"href":"http:\/\/www.dedes.ro\/index.php\/wp-json\/wp\/v2\/posts\/3348"}],"collection":[{"href":"http:\/\/www.dedes.ro\/index.php\/wp-json\/wp\/v2\/posts"}],"about":[{"href":"http:\/\/www.dedes.ro\/index.php\/wp-json\/wp\/v2\/types\/post"}],"author":[{"embeddable":true,"href":"http:\/\/www.dedes.ro\/index.php\/wp-json\/wp\/v2\/users\/2"}],"replies":[{"embeddable":true,"href":"http:\/\/www.dedes.ro\/index.php\/wp-json\/wp\/v2\/comments?post=3348"}],"version-history":[{"count":5,"href":"http:\/\/www.dedes.ro\/index.php\/wp-json\/wp\/v2\/posts\/3348\/revisions"}],"predecessor-version":[{"id":3351,"href":"http:\/\/www.dedes.ro\/index.php\/wp-json\/wp\/v2\/posts\/3348\/revisions\/3351"}],"wp:attachment":[{"href":"http:\/\/www.dedes.ro\/index.php\/wp-json\/wp\/v2\/media?parent=3348"}],"wp:term":[{"taxonomy":"category","embeddable":true,"href":"http:\/\/www.dedes.ro\/index.php\/wp-json\/wp\/v2\/categories?post=3348"},{"taxonomy":"post_tag","embeddable":true,"href":"http:\/\/www.dedes.ro\/index.php\/wp-json\/wp\/v2\/tags?post=3348"}],"curies":[{"name":"wp","href":"https:\/\/api.w.org\/{rel}","templated":true}]}}