{"id":3481,"date":"2014-12-18T11:59:03","date_gmt":"2014-12-18T09:59:03","guid":{"rendered":"http:\/\/www.dedes.ro\/?p=3481"},"modified":"2016-12-16T12:49:27","modified_gmt":"2016-12-16T10:49:27","slug":"colind","status":"publish","type":"post","link":"http:\/\/www.dedes.ro\/index.php\/2014\/12\/18\/colind\/","title":{"rendered":"Colind"},"content":{"rendered":"<p>Asear\u0103, la ceas de lini\u0219te \u0219i pace, blocul \u00een care locuiesc,\u00a0\u00a0construit de comuni\u0219ti, locuit de b\u0103tr\u00e2ni stalini\u0219ti \u0219i tineri care au ratat iremedial cei 7 ani de acas\u0103, a fost colindat. Colindat \u00een adev\u0103ratul sens al cuv\u00e2ntului de doi tineri seminari\u0219ti, care c\u00e2ntau de vibrau u\u0219ile de tabl\u0103 \u0219i geamurile cu t\u00e2mpl\u0103rie de plastic. Cunoscut \u00een familie drept un maniac al colindelor, m-am repezit s\u0103 deschid u\u0219a \u0219i s\u0103-i primesc din toat\u0103 inima pe colind\u0103tori. Au c\u00e2ntat c\u00e2teva colinde vechi de m-am temut c\u0103 o s\u0103 pl\u00e2ng\u0103 \u0219i gr\u00e2ul din ghiveci, dup\u0103 care le-am dat c\u00e2\u021biva b\u0103nu\u021bi, nu mul\u021bi, c\u0103 nu m-au prins \u00een zi de salariu, \u0219i i-am invitat la un pahar de vin. \u00cenainte s\u0103 accepte invita\u021bia, unul dintre cei doi, mai \u00eendr\u0103zne\u021b, m-a \u00eentrebat: \u201dDar de unde sunte\u021bi de loc, c\u0103 bucure\u0219teni sigur nu sunte\u021bi? \u00a0\u201d . De unde suntem? Cred c\u0103 am mai spus, din locul unde iarba e verde \u0219i oamenii spun \u201dBun\u0103 ziua\u201d.<\/p>\n<p><a href=\"https:\/\/www.youtube.com\/watch?v=X5fDztD-MvA\">COLIND<\/a><\/p>\n<p>&nbsp;<\/p>\n","protected":false},"excerpt":{"rendered":"<p>Asear\u0103, la ceas de lini\u0219te \u0219i pace, blocul \u00een care locuiesc,\u00a0\u00a0construit de comuni\u0219ti, locuit de b\u0103tr\u00e2ni stalini\u0219ti \u0219i tineri care au ratat iremedial cei 7 ani de acas\u0103, a fost colindat. Colindat \u00een adev\u0103ratul sens al cuv\u00e2ntului de doi tineri seminari\u0219ti, care c\u00e2ntau de vibrau u\u0219ile de tabl\u0103 \u0219i geamurile cu t\u00e2mpl\u0103rie de plastic. Cunoscut&#8230;<\/p>\n","protected":false},"author":2,"featured_media":3943,"comment_status":"open","ping_status":"open","sticky":false,"template":"","format":"standard","meta":[],"categories":[4,5],"tags":[],"_links":{"self":[{"href":"http:\/\/www.dedes.ro\/index.php\/wp-json\/wp\/v2\/posts\/3481"}],"collection":[{"href":"http:\/\/www.dedes.ro\/index.php\/wp-json\/wp\/v2\/posts"}],"about":[{"href":"http:\/\/www.dedes.ro\/index.php\/wp-json\/wp\/v2\/types\/post"}],"author":[{"embeddable":true,"href":"http:\/\/www.dedes.ro\/index.php\/wp-json\/wp\/v2\/users\/2"}],"replies":[{"embeddable":true,"href":"http:\/\/www.dedes.ro\/index.php\/wp-json\/wp\/v2\/comments?post=3481"}],"version-history":[{"count":4,"href":"http:\/\/www.dedes.ro\/index.php\/wp-json\/wp\/v2\/posts\/3481\/revisions"}],"predecessor-version":[{"id":3944,"href":"http:\/\/www.dedes.ro\/index.php\/wp-json\/wp\/v2\/posts\/3481\/revisions\/3944"}],"wp:featuredmedia":[{"embeddable":true,"href":"http:\/\/www.dedes.ro\/index.php\/wp-json\/wp\/v2\/media\/3943"}],"wp:attachment":[{"href":"http:\/\/www.dedes.ro\/index.php\/wp-json\/wp\/v2\/media?parent=3481"}],"wp:term":[{"taxonomy":"category","embeddable":true,"href":"http:\/\/www.dedes.ro\/index.php\/wp-json\/wp\/v2\/categories?post=3481"},{"taxonomy":"post_tag","embeddable":true,"href":"http:\/\/www.dedes.ro\/index.php\/wp-json\/wp\/v2\/tags?post=3481"}],"curies":[{"name":"wp","href":"https:\/\/api.w.org\/{rel}","templated":true}]}}