{"id":4085,"date":"2017-09-01T10:04:20","date_gmt":"2017-09-01T08:04:20","guid":{"rendered":"http:\/\/www.dedes.ro\/?p=4085"},"modified":"2017-09-01T10:22:18","modified_gmt":"2017-09-01T08:22:18","slug":"don-quijote-se-intoarce-cu-o-chitara-in-mana","status":"publish","type":"post","link":"http:\/\/www.dedes.ro\/index.php\/2017\/09\/01\/don-quijote-se-intoarce-cu-o-chitara-in-mana\/","title":{"rendered":"Don Quijote se \u00eentoarce cu o chitar\u0103 \u00een m\u00e2n\u0103"},"content":{"rendered":"<p>C\u0103ut\u00e2nd o idee de cadou pentru cel mai t\u00e2n\u0103r membru al familiei am e\u015fuat, se putea altfel, printre amintiri \u015fi brusc mi-am dat seama c\u0103 am ni\u0219te datorii. Suport multe, dar sub nicio form\u0103 s\u0103 fiu dator, indiferent de datorie, indiferent de om sau situa\u021bie, fac tot posibilul s\u0103 m\u0103 achit, mai ales c\u00e2nd e vorba de restan\u021be morale.<\/p>\n<p>M-am trezit b\u00e2ntuit de dou\u0103 cadouri. Am primit multe lucruri, \u00een diverse ocazii. C\u0103r\u021bile le-am citit, pe toate, hainele le-am purtat, cu grij\u0103, undi\u021bele le-am \u201epescuit\u201d, \u00een ape lini\u0219tite, cu cu\u021bitele am t\u0103iat, f\u0103r\u0103 s\u0103 r\u0103nesc, cu brichetele am aprins focuri, f\u0103r\u0103 s\u0103 incendiez, sculele electrice le-am pus \u00een priz\u0103, f\u0103r\u0103 tensiune, <span class=\"text_exposed_show\">sticlele de vin au fost stoarse, p\u00e2n\u0103 la ultima pic\u0103tur\u0103<\/span>, dar pe dou\u0103 lucruri nu le-am folosit a\u0219a cum ar fi trebuit \u0219i acest lucru nu poate r\u0103m\u00e2ne a\u0219a.<\/p>\n<p>Cu 21 de ani \u00een urm\u0103, o mare iubire a mea, mi-a f\u0103cut cadou un aparat destinat \u00eengrijirii p\u0103rului. Cum \u0219i atunci purtam aceea\u0219i frez\u0103 minimalist\u0103, m-am sim\u021bit ca un mut care a primit un microfon, ca un impotent cadorisit cu o cutie de prezervative sau ca un surd care s-a trezit cu cele mai performante c\u0103\u0219ti audio. Cum aparatul \u00eenc\u0103 \u00eel am, am decis s\u0103-l folosesc p\u00e2n\u0103 la finalul anului, desigur nu o sa-mi las plete, doar barba va fi scutit\u0103 de \u00eent\u00e2lnirea cu foarfeca pentru urm\u0103toarele luni.<\/p>\n<p>Al doilea cadou mi-a fost oferit de p\u0103rin\u021bi \u00een urm\u0103 cu 33 de ani, dup\u0103 nenum\u0103rate insisten\u021be \u0219i apropouri ale mele. Dup\u0103 ce am primit chitara (o acustic\u0103 produs\u0103 la \u00a0Reghin) nu am dormit dou\u0103 nop\u021bi. \u0218i at\u00e2t. Am locuit \u00een multe locuri \u0219i chitara m-a \u00eenso\u021bit peste tot ca obiect de mobilier. Nu am scos din ea \u0219i din mine niciun acord. Acum mi-am reamintit de ea \u0219i de scopul real pentru care mi-a fost d\u0103ruit\u0103. V\u0103 \u00eenchipui\u021bi un om, aproape b\u0103tr\u00e2n, \u00een ciuda aspectului exterior, aproape afon, chiar dac\u0103 \u00een copil\u0103rie era un adev\u0103rat trubadur, chinuindu-se s\u0103 c\u00e2nte la o chitar\u0103 cu trupul aproape r\u0103scopt de trecerea anilor? Cred c\u0103 Don Quijote era mai ancorat \u00een realitate dec\u00e2t sunt eu \u00een aceste zile, dar #insist \u0219i #rezist \u00een \u00eencercarea de a scoate c\u00e2teva acorduri, ca o r\u0103splat\u0103 t\u00e2rzie trimis\u0103 spre stele pentru o mare bucurie f\u0103cut\u0103 pe p\u0103m\u00e2nt.<\/p>\n<p>R\u0103m\u00e2ne cum am stabilit: pl\u0103ti\u021bi-v\u0103 datoriile!<\/p>\n","protected":false},"excerpt":{"rendered":"<p>C\u0103ut\u00e2nd o idee de cadou pentru cel mai t\u00e2n\u0103r membru al familiei am e\u015fuat, se putea altfel, printre amintiri \u015fi brusc mi-am dat seama c\u0103 am ni\u0219te datorii. Suport multe, dar sub nicio form\u0103 s\u0103 fiu dator, indiferent de datorie, indiferent de om sau situa\u021bie, fac tot posibilul s\u0103 m\u0103 achit, mai ales c\u00e2nd e vorba de restan\u021be morale.<\/p>\n<p>M-am trezit b\u00e2ntuit de dou\u0103 cadouri. Am primit multe lucruri, \u00een diverse ocazii. C\u0103r\u021bile le-am citit, pe toate, hainele le-am purtat, cu grij\u0103, undi\u021bele le-am \u201epescuit\u201d, \u00een ape lini\u0219tite, cu cu\u021bitele am t\u0103iat, f\u0103r\u0103 s\u0103 r\u0103nesc, &#8230;<\/p>\n","protected":false},"author":2,"featured_media":4088,"comment_status":"open","ping_status":"open","sticky":false,"template":"","format":"standard","meta":[],"categories":[4],"tags":[],"_links":{"self":[{"href":"http:\/\/www.dedes.ro\/index.php\/wp-json\/wp\/v2\/posts\/4085"}],"collection":[{"href":"http:\/\/www.dedes.ro\/index.php\/wp-json\/wp\/v2\/posts"}],"about":[{"href":"http:\/\/www.dedes.ro\/index.php\/wp-json\/wp\/v2\/types\/post"}],"author":[{"embeddable":true,"href":"http:\/\/www.dedes.ro\/index.php\/wp-json\/wp\/v2\/users\/2"}],"replies":[{"embeddable":true,"href":"http:\/\/www.dedes.ro\/index.php\/wp-json\/wp\/v2\/comments?post=4085"}],"version-history":[{"count":3,"href":"http:\/\/www.dedes.ro\/index.php\/wp-json\/wp\/v2\/posts\/4085\/revisions"}],"predecessor-version":[{"id":4090,"href":"http:\/\/www.dedes.ro\/index.php\/wp-json\/wp\/v2\/posts\/4085\/revisions\/4090"}],"wp:featuredmedia":[{"embeddable":true,"href":"http:\/\/www.dedes.ro\/index.php\/wp-json\/wp\/v2\/media\/4088"}],"wp:attachment":[{"href":"http:\/\/www.dedes.ro\/index.php\/wp-json\/wp\/v2\/media?parent=4085"}],"wp:term":[{"taxonomy":"category","embeddable":true,"href":"http:\/\/www.dedes.ro\/index.php\/wp-json\/wp\/v2\/categories?post=4085"},{"taxonomy":"post_tag","embeddable":true,"href":"http:\/\/www.dedes.ro\/index.php\/wp-json\/wp\/v2\/tags?post=4085"}],"curies":[{"name":"wp","href":"https:\/\/api.w.org\/{rel}","templated":true}]}}