{"id":4949,"date":"2026-09-01T14:40:19","date_gmt":"2026-09-01T12:40:19","guid":{"rendered":"https:\/\/www.dedes.ro\/?p=4949"},"modified":"2026-09-01T14:40:19","modified_gmt":"2026-09-01T12:40:19","slug":"tara-mea-3","status":"publish","type":"post","link":"http:\/\/www.dedes.ro\/index.php\/2026\/09\/01\/tara-mea-3\/","title":{"rendered":"\u021aara mea"},"content":{"rendered":"\n<p>\u021aara noastr\u0103 e bolnav\u0103 \u0219i, de data aceasta, boala pare mortal\u0103. Un cancer politic cu metastaze \u00een societate strange Rom\u00e2nia din toate p\u0103r\u021bile.<\/p>\n\n\n\n<p>Am r\u00e2s superior la enormit\u0103\u021bile debitate profetic de C\u0103lin, iar acum ne preg\u0103tim s\u0103 pl\u00e2ngem amarnic \u00een fa\u021ba inadecv\u0103rii \u0219i la\u0219it\u0103\u021bii lui Nicu\u0219or.<\/p>\n\n\n\n<p>Am avut mereu convingerea c\u0103 partidele autohtone, toate, au ceva toxic \u00een ele, dar recunosc c\u0103 nu am crezut c\u0103 tic\u0103lo\u0219ia poate fi at\u00e2t de mare.<\/p>\n\n\n\n<p>Nu am fost niciodat\u0103 un optimist, dar parc\u0103 niciodat\u0103 nu am fost at\u00e2t de pesimist. E r\u0103u \u0219i r\u0103ul vine peste noi din toate direc\u021biile.<\/p>\n\n\n\n<p>Ne uit\u0103m la ceea ce se \u00eent\u00e2mpl\u0103 \u0219i avem tot mai pu\u021bine motive s\u0103 credem c\u0103 lucrurile se vor \u00eendrepta de la sine. Iar oamenii cinsti\u021bi, \u00eempin\u0219i c\u0103tre margine, nu mai \u0219tiu dac\u0103 s\u0103 se revolte, s\u0103 plece sau pur \u0219i simplu s\u0103 a\u0219tepte urm\u0103toarea lovitur\u0103.<\/p>\n\n\n\n<p>E prima dat\u0103 c\u00e2nd a\u0219 dori s\u0103 plec, dar nu \u00eentr-o alt\u0103 \u021bar\u0103, ci \u00eentr-o alt\u0103 lume.<\/p>\n","protected":false},"excerpt":{"rendered":"<p>\u021aara noastr\u0103 e bolnav\u0103 \u0219i, de data aceasta, boala pare mortal\u0103. Un cancer politic cu metastaze \u00een societate strange Rom\u00e2nia din toate p\u0103r\u021bile. Am r\u00e2s superior la enormit\u0103\u021bile debitate profetic de C\u0103lin, iar acum ne preg\u0103tim s\u0103 pl\u00e2ngem amarnic \u00een fa\u021ba inadecv\u0103rii \u0219i la\u0219it\u0103\u021bii lui Nicu\u0219or. Am avut mereu convingerea c\u0103 partidele autohtone, toate, au&#8230;<\/p>\n","protected":false},"author":2,"featured_media":0,"comment_status":"closed","ping_status":"open","sticky":false,"template":"","format":"standard","meta":[],"categories":[5],"tags":[],"_links":{"self":[{"href":"http:\/\/www.dedes.ro\/index.php\/wp-json\/wp\/v2\/posts\/4949"}],"collection":[{"href":"http:\/\/www.dedes.ro\/index.php\/wp-json\/wp\/v2\/posts"}],"about":[{"href":"http:\/\/www.dedes.ro\/index.php\/wp-json\/wp\/v2\/types\/post"}],"author":[{"embeddable":true,"href":"http:\/\/www.dedes.ro\/index.php\/wp-json\/wp\/v2\/users\/2"}],"replies":[{"embeddable":true,"href":"http:\/\/www.dedes.ro\/index.php\/wp-json\/wp\/v2\/comments?post=4949"}],"version-history":[{"count":1,"href":"http:\/\/www.dedes.ro\/index.php\/wp-json\/wp\/v2\/posts\/4949\/revisions"}],"predecessor-version":[{"id":4950,"href":"http:\/\/www.dedes.ro\/index.php\/wp-json\/wp\/v2\/posts\/4949\/revisions\/4950"}],"wp:attachment":[{"href":"http:\/\/www.dedes.ro\/index.php\/wp-json\/wp\/v2\/media?parent=4949"}],"wp:term":[{"taxonomy":"category","embeddable":true,"href":"http:\/\/www.dedes.ro\/index.php\/wp-json\/wp\/v2\/categories?post=4949"},{"taxonomy":"post_tag","embeddable":true,"href":"http:\/\/www.dedes.ro\/index.php\/wp-json\/wp\/v2\/tags?post=4949"}],"curies":[{"name":"wp","href":"https:\/\/api.w.org\/{rel}","templated":true}]}}