{"id":4953,"date":"2026-09-04T15:00:08","date_gmt":"2026-09-04T13:00:08","guid":{"rendered":"https:\/\/www.dedes.ro\/?p=4953"},"modified":"2026-09-04T15:00:08","modified_gmt":"2026-09-04T13:00:08","slug":"primitori","status":"publish","type":"post","link":"http:\/\/www.dedes.ro\/index.php\/2026\/09\/04\/primitori\/","title":{"rendered":"Primitori"},"content":{"rendered":"\n<p>Vineri la pr\u00e2nz, zi de salariu, sunt relaxat financiar (p\u00e2n\u0103 luni), ascult Radio Antena Satelor. Se difuzeaz\u0103 un reportaj din Deveselu. Discu\u021bii de tot felul. Pe fir intr\u0103 mamaia Anica, se laud\u0103 pe ea \u0219i \u00ee\u0219i laud\u0103 cons\u0103tenii:<\/p>\n\n\n\n<p>\u201eS\u0103 \u0219ti\u021bi c\u0103 suntem oameni de treab\u0103, foarte primitori. Dac\u0103 cineva vine s\u0103 ne dea ceva, noi primim cu tot dragul, din toat\u0103 inima. Suntem oameni deschi\u0219i\u201d.<\/p>\n\n\n\n<p>O alt\u0103 voce v\u00e2rstnic\u0103 r\u0103spunde la \u00eentrebarea \u201ece le pute\u021bi spune americanilor?\u201d:<\/p>\n\n\n\n<p>\u201eS\u0103 vin\u0103, mam\u0103, \u00eei a\u0219tept\u0103m cu bra\u021bele deschise, s\u0103 vin\u0103 s\u0103 ne fac\u0103 locuri de munc\u0103 s\u0103 munceasc\u0103 aia tineri, s\u0103 aib\u0103 grij\u0103 de noi, s\u0103 ne dea bani, noi nu refuz\u0103m pe nimeni. \u00cei a\u0219tept\u0103m\u201d.<\/p>\n\n\n\n<p>Ve\u0219nicia s-a n\u0103scut la sat. La fel \u0219i eu. Ne \u0219tim, am copil\u0103rit \u00eempreun\u0103. Aud c\u0103 vrea s\u0103 emigreze. Eram primitori \u0219i atunci, dar \u00eenc\u0103 nu fusesem altoi\u021bi \u00een cer\u0219etori. Semin\u021bele alea, plantate odat\u0103 cu pomenile electoral-sociale, cu g\u0103le\u021bi, zah\u0103r, ulei, tig\u0103i, nu aveau cum s\u0103 nu rodeasc\u0103.<\/p>\n\n\n\n<p>Avem p\u0103m\u00e2nt foarte bun.<\/p>\n\n\n\n<p>Roditor.<\/p>\n\n\n\n<p>Primitor.<\/p>\n\n\n\n<p>Ne a\u0219teapt\u0103 pe to\u021bi!<\/p>\n","protected":false},"excerpt":{"rendered":"<p>Vineri la pr\u00e2nz, zi de salariu, sunt relaxat financiar (p\u00e2n\u0103 luni), ascult Radio Antena Satelor. Se difuzeaz\u0103 un reportaj din Deveselu. Discu\u021bii de tot felul. Pe fir intr\u0103 mamaia Anica, se laud\u0103 pe ea \u0219i \u00ee\u0219i laud\u0103 cons\u0103tenii: \u201eS\u0103 \u0219ti\u021bi c\u0103 suntem oameni de treab\u0103, foarte primitori. Dac\u0103 cineva vine s\u0103 ne dea ceva, noi&#8230;<\/p>\n","protected":false},"author":2,"featured_media":0,"comment_status":"closed","ping_status":"open","sticky":false,"template":"","format":"standard","meta":[],"categories":[5],"tags":[],"_links":{"self":[{"href":"http:\/\/www.dedes.ro\/index.php\/wp-json\/wp\/v2\/posts\/4953"}],"collection":[{"href":"http:\/\/www.dedes.ro\/index.php\/wp-json\/wp\/v2\/posts"}],"about":[{"href":"http:\/\/www.dedes.ro\/index.php\/wp-json\/wp\/v2\/types\/post"}],"author":[{"embeddable":true,"href":"http:\/\/www.dedes.ro\/index.php\/wp-json\/wp\/v2\/users\/2"}],"replies":[{"embeddable":true,"href":"http:\/\/www.dedes.ro\/index.php\/wp-json\/wp\/v2\/comments?post=4953"}],"version-history":[{"count":1,"href":"http:\/\/www.dedes.ro\/index.php\/wp-json\/wp\/v2\/posts\/4953\/revisions"}],"predecessor-version":[{"id":4954,"href":"http:\/\/www.dedes.ro\/index.php\/wp-json\/wp\/v2\/posts\/4953\/revisions\/4954"}],"wp:attachment":[{"href":"http:\/\/www.dedes.ro\/index.php\/wp-json\/wp\/v2\/media?parent=4953"}],"wp:term":[{"taxonomy":"category","embeddable":true,"href":"http:\/\/www.dedes.ro\/index.php\/wp-json\/wp\/v2\/categories?post=4953"},{"taxonomy":"post_tag","embeddable":true,"href":"http:\/\/www.dedes.ro\/index.php\/wp-json\/wp\/v2\/tags?post=4953"}],"curies":[{"name":"wp","href":"https:\/\/api.w.org\/{rel}","templated":true}]}}