{"id":589,"date":"2008-12-14T22:48:46","date_gmt":"2008-12-14T19:48:46","guid":{"rendered":"http:\/\/dedes.wordpress.com\/?p=589"},"modified":"2008-12-14T22:48:46","modified_gmt":"2008-12-14T19:48:46","slug":"provocare","status":"publish","type":"post","link":"http:\/\/www.dedes.ro\/index.php\/2008\/12\/14\/provocare\/","title":{"rendered":"Provocare"},"content":{"rendered":"<p><img decoding=\"async\" loading=\"lazy\" class=\"alignleft size-medium wp-image-590\" title=\"img_1156\" src=\"http:\/\/dedes.files.wordpress.com\/2008\/12\/img_1156.jpg?w=300\" alt=\"img_1156\" width=\"300\" height=\"269\" \/>P\u00e2n\u0103 la ora \u00eenchiderii edi\u0163iei \u00een sudul Rom\u00e2niei\u00a0nu ninsese dec\u00e2t \u00een mintea mea. \u00cencerc o mic\u0103 provocare, cu o imagine surprins\u0103 exact\u00a0\u00een urm\u0103 cu un an. Ca tac\u00e2mul s\u0103 fie complet am\u00a0rememorat\u00a0cu ajutorul unei guri\u00a0\u00a0de ceai fierbinte c\u00e2teva viscole care mi-au marcat existen\u0163a. A\u015f putea \u00eencerca \u015fi o paparud\u0103 hibernal\u0103 cu mine defil\u00e2nd pe bulevard \u00eenve\u015fm\u00e2ntat cu doar c\u00e2teva frunze de bozie, dar v\u00e2rsta \u015fi fizicul m\u0103 \u00eendeamn\u0103 la ceva mai mult\u0103 decen\u0163\u0103 \u015fi pruden\u0163\u0103.<\/p>\n","protected":false},"excerpt":{"rendered":"<p>P\u00e2n\u0103 la ora \u00eenchiderii edi\u0163iei \u00een sudul Rom\u00e2niei\u00a0nu ninsese dec\u00e2t \u00een mintea mea. \u00cencerc o mic\u0103 provocare, cu o imagine surprins\u0103 exact\u00a0\u00een urm\u0103 cu un an. Ca tac\u00e2mul s\u0103 fie complet am\u00a0rememorat\u00a0cu ajutorul unei guri\u00a0\u00a0de ceai fierbinte c\u00e2teva viscole care mi-au marcat existen\u0163a. A\u015f putea \u00eencerca \u015fi o paparud\u0103 hibernal\u0103 cu mine defil\u00e2nd pe bulevard&#8230;<\/p>\n","protected":false},"author":2,"featured_media":0,"comment_status":"open","ping_status":"open","sticky":false,"template":"","format":"standard","meta":[],"categories":[5],"tags":[],"_links":{"self":[{"href":"http:\/\/www.dedes.ro\/index.php\/wp-json\/wp\/v2\/posts\/589"}],"collection":[{"href":"http:\/\/www.dedes.ro\/index.php\/wp-json\/wp\/v2\/posts"}],"about":[{"href":"http:\/\/www.dedes.ro\/index.php\/wp-json\/wp\/v2\/types\/post"}],"author":[{"embeddable":true,"href":"http:\/\/www.dedes.ro\/index.php\/wp-json\/wp\/v2\/users\/2"}],"replies":[{"embeddable":true,"href":"http:\/\/www.dedes.ro\/index.php\/wp-json\/wp\/v2\/comments?post=589"}],"version-history":[{"count":0,"href":"http:\/\/www.dedes.ro\/index.php\/wp-json\/wp\/v2\/posts\/589\/revisions"}],"wp:attachment":[{"href":"http:\/\/www.dedes.ro\/index.php\/wp-json\/wp\/v2\/media?parent=589"}],"wp:term":[{"taxonomy":"category","embeddable":true,"href":"http:\/\/www.dedes.ro\/index.php\/wp-json\/wp\/v2\/categories?post=589"},{"taxonomy":"post_tag","embeddable":true,"href":"http:\/\/www.dedes.ro\/index.php\/wp-json\/wp\/v2\/tags?post=589"}],"curies":[{"name":"wp","href":"https:\/\/api.w.org\/{rel}","templated":true}]}}