{"id":880,"date":"2009-07-15T11:05:03","date_gmt":"2009-07-15T09:05:03","guid":{"rendered":"http:\/\/www.dedes.ro\/?p=880"},"modified":"2009-07-15T11:05:03","modified_gmt":"2009-07-15T09:05:03","slug":"r1","status":"publish","type":"post","link":"http:\/\/www.dedes.ro\/index.php\/2009\/07\/15\/r1\/","title":{"rendered":"R1"},"content":{"rendered":"<p><img decoding=\"async\" loading=\"lazy\" class=\"alignleft size-medium wp-image-881\" title=\"2009_07120011\" src=\"http:\/\/www.dedes.ro\/wp-content\/uploads\/2009\/07\/2009_07120011-231x299.jpg\" alt=\"2009_07120011\" width=\"231\" height=\"299\" srcset=\"http:\/\/www.dedes.ro\/wp-content\/uploads\/2009\/07\/2009_07120011-231x299.jpg 231w, http:\/\/www.dedes.ro\/wp-content\/uploads\/2009\/07\/2009_07120011-791x1024.jpg 791w, http:\/\/www.dedes.ro\/wp-content\/uploads\/2009\/07\/2009_07120011.jpg 1834w\" sizes=\"(max-width: 231px) 100vw, 231px\" \/>R1.A\u015fa se numea locul unde am m\u00e2ncat \u00een primii doi ani de studen\u0163ie. O cantin\u0103 imens\u0103 unde serveau masa doar &#8222;c\u0103mini\u015ftii&#8221;. Cartela se cump\u0103ra la \u00eenceputul lunii \u015fi \u00een fiecare zi, diminea\u0163\u0103, pr\u00e2nz, sear\u0103 mai rupeai c\u00e2te o buc\u0103\u0163ic\u0103 din ea \u015fi primeai 3 feliu\u0163e de p\u00e2ine plus un ceai\u00a0 sau o ciorb\u0103 cu un piure le\u015finat. Erau cele mai proaste m\u00e2nc\u0103ruri, dar trebuie s\u0103 recunosc c\u0103 \u00een nici un loc nu am m\u00e2ncat cu mai mult\u0103 poft\u0103.\u00a0 Ulterior s-a renun\u0163at la cartele (atunci am \u00eenceput s\u0103 m\u0103n\u00e2nc \u015fi \u00een R3), s-a renun\u0163at \u015fi la jum\u0103tate din cantin\u0103 (a ap\u0103rut clubul Maxx) iar de ceva timp s-a renun\u0163at \u015fi la geamuri \u00een urma unui incendiu (a\u015fa cum s-a \u00eent\u00e2mplat la toate cantinele din Regie).\u00a0 Mai nou v\u0103d c\u0103 au ap\u0103rut \u015fi sedii de b\u0103nci, pe vremea cartelelor nu a\u015f fi \u00een\u0163eles rostul unei asemenea institu\u0163ii, nu aveam bani nici de dat nici de luat.<\/p>\n","protected":false},"excerpt":{"rendered":"<p>R1.A\u015fa se numea locul unde am m\u00e2ncat \u00een primii doi ani de studen\u0163ie. O cantin\u0103 imens\u0103 unde serveau masa doar &#8222;c\u0103mini\u015ftii&#8221;. Cartela se cump\u0103ra la \u00eenceputul lunii \u015fi \u00een fiecare zi, diminea\u0163\u0103, pr\u00e2nz, sear\u0103 mai rupeai c\u00e2te o buc\u0103\u0163ic\u0103 din ea \u015fi primeai 3 feliu\u0163e de p\u00e2ine plus un ceai\u00a0 sau o ciorb\u0103 cu un&#8230;<\/p>\n","protected":false},"author":2,"featured_media":0,"comment_status":"open","ping_status":"open","sticky":false,"template":"","format":"standard","meta":[],"categories":[4],"tags":[],"_links":{"self":[{"href":"http:\/\/www.dedes.ro\/index.php\/wp-json\/wp\/v2\/posts\/880"}],"collection":[{"href":"http:\/\/www.dedes.ro\/index.php\/wp-json\/wp\/v2\/posts"}],"about":[{"href":"http:\/\/www.dedes.ro\/index.php\/wp-json\/wp\/v2\/types\/post"}],"author":[{"embeddable":true,"href":"http:\/\/www.dedes.ro\/index.php\/wp-json\/wp\/v2\/users\/2"}],"replies":[{"embeddable":true,"href":"http:\/\/www.dedes.ro\/index.php\/wp-json\/wp\/v2\/comments?post=880"}],"version-history":[{"count":2,"href":"http:\/\/www.dedes.ro\/index.php\/wp-json\/wp\/v2\/posts\/880\/revisions"}],"predecessor-version":[{"id":883,"href":"http:\/\/www.dedes.ro\/index.php\/wp-json\/wp\/v2\/posts\/880\/revisions\/883"}],"wp:attachment":[{"href":"http:\/\/www.dedes.ro\/index.php\/wp-json\/wp\/v2\/media?parent=880"}],"wp:term":[{"taxonomy":"category","embeddable":true,"href":"http:\/\/www.dedes.ro\/index.php\/wp-json\/wp\/v2\/categories?post=880"},{"taxonomy":"post_tag","embeddable":true,"href":"http:\/\/www.dedes.ro\/index.php\/wp-json\/wp\/v2\/tags?post=880"}],"curies":[{"name":"wp","href":"https:\/\/api.w.org\/{rel}","templated":true}]}}