{"id":959,"date":"2009-08-31T14:03:01","date_gmt":"2009-08-31T12:03:01","guid":{"rendered":"http:\/\/www.dedes.ro\/?p=959"},"modified":"2009-08-31T14:04:30","modified_gmt":"2009-08-31T12:04:30","slug":"luni","status":"publish","type":"post","link":"http:\/\/www.dedes.ro\/index.php\/2009\/08\/31\/luni\/","title":{"rendered":"Luni"},"content":{"rendered":"<p>\u00cen sf\u00e2r\u015fit avem parte de un \u00eenceput de toamn\u0103 bine regizat. Nici un ingredient nu lipse\u015fte, inclusiv ziua de luni cu ploaie. Buzduganul mirosurilor \u00eemi b\u0103tea \u00een poart\u0103 de dou\u0103 s\u0103pt\u0103m\u00e2ni cu arom\u0103 de vinete coapte \u015fi ardei perpeli\u0163i la foc mic, dar gradele de afar\u0103 m\u0103 \u0163ineau bine ancorat de var\u0103. Marele avantaj al toamnei este c\u0103 \u00ee\u0163i po\u0163i permite s\u0103 fii oric\u00e2nd nostalgic f\u0103r\u0103 s\u0103 fii considerat penibil.<\/p>\n<p>\u015ei pentru c\u0103 doar azi nu e septembrie, m-am surprins u\u015for emo\u0163ionat c\u00e2nd am achizi\u0163ionat un nou ghiozdan care nu \u00eemi este sortit.<\/p>\n<p><a href=\"http:\/\/www.youtube.com\/watch?v=5BLMF-BDQWc\"><strong><em>Bonjour tristesse<\/em><\/strong> <\/a><\/p>\n","protected":false},"excerpt":{"rendered":"<p>\u00cen sf\u00e2r\u015fit avem parte de un \u00eenceput de toamn\u0103 bine regizat. Nici un ingredient nu lipse\u015fte, inclusiv ziua de luni cu ploaie. Buzduganul mirosurilor \u00eemi b\u0103tea \u00een poart\u0103 de dou\u0103 s\u0103pt\u0103m\u00e2ni cu arom\u0103 de vinete coapte \u015fi ardei perpeli\u0163i la foc mic, dar gradele de afar\u0103 m\u0103 \u0163ineau bine ancorat de var\u0103. Marele avantaj al&#8230;<\/p>\n","protected":false},"author":2,"featured_media":0,"comment_status":"open","ping_status":"open","sticky":false,"template":"","format":"standard","meta":[],"categories":[4,5],"tags":[],"_links":{"self":[{"href":"http:\/\/www.dedes.ro\/index.php\/wp-json\/wp\/v2\/posts\/959"}],"collection":[{"href":"http:\/\/www.dedes.ro\/index.php\/wp-json\/wp\/v2\/posts"}],"about":[{"href":"http:\/\/www.dedes.ro\/index.php\/wp-json\/wp\/v2\/types\/post"}],"author":[{"embeddable":true,"href":"http:\/\/www.dedes.ro\/index.php\/wp-json\/wp\/v2\/users\/2"}],"replies":[{"embeddable":true,"href":"http:\/\/www.dedes.ro\/index.php\/wp-json\/wp\/v2\/comments?post=959"}],"version-history":[{"count":4,"href":"http:\/\/www.dedes.ro\/index.php\/wp-json\/wp\/v2\/posts\/959\/revisions"}],"predecessor-version":[{"id":963,"href":"http:\/\/www.dedes.ro\/index.php\/wp-json\/wp\/v2\/posts\/959\/revisions\/963"}],"wp:attachment":[{"href":"http:\/\/www.dedes.ro\/index.php\/wp-json\/wp\/v2\/media?parent=959"}],"wp:term":[{"taxonomy":"category","embeddable":true,"href":"http:\/\/www.dedes.ro\/index.php\/wp-json\/wp\/v2\/categories?post=959"},{"taxonomy":"post_tag","embeddable":true,"href":"http:\/\/www.dedes.ro\/index.php\/wp-json\/wp\/v2\/tags?post=959"}],"curies":[{"name":"wp","href":"https:\/\/api.w.org\/{rel}","templated":true}]}}