{"id":964,"date":"2009-09-01T11:22:36","date_gmt":"2009-09-01T09:22:36","guid":{"rendered":"http:\/\/www.dedes.ro\/?p=964"},"modified":"2009-09-01T11:23:32","modified_gmt":"2009-09-01T09:23:32","slug":"marti","status":"publish","type":"post","link":"http:\/\/www.dedes.ro\/index.php\/2009\/09\/01\/marti\/","title":{"rendered":"Mar\u0163i"},"content":{"rendered":"<p><img decoding=\"async\" loading=\"lazy\" class=\"alignleft size-medium wp-image-965\" title=\"2009_09010002\" src=\"http:\/\/www.dedes.ro\/wp-content\/uploads\/2009\/09\/2009_09010002-242x300.jpg\" alt=\"2009_09010002\" width=\"242\" height=\"300\" srcset=\"http:\/\/www.dedes.ro\/wp-content\/uploads\/2009\/09\/2009_09010002-242x300.jpg 242w, http:\/\/www.dedes.ro\/wp-content\/uploads\/2009\/09\/2009_09010002-826x1024.jpg 826w, http:\/\/www.dedes.ro\/wp-content\/uploads\/2009\/09\/2009_09010002.jpg 1827w\" sizes=\"(max-width: 242px) 100vw, 242px\" \/>Constat c\u0103 DD \u00eencepe s\u0103 fac\u0103 lucruri bune f\u0103r\u0103 s\u0103 mi\u015fte m\u0103car un deget. Asta \u00eenseamn\u0103 c\u0103 a ajuns la un alt nivel. De o s\u0103pt\u0103m\u00e2n\u0103 to\u0163i vecinii au aflat c\u0103 amenajeaz\u0103 Valea Cascadelor. Motivul \u00eemi scap\u0103, dar e bine ca lumea s\u0103 \u015ftie c\u0103\u00a0este activ. Tot cam de 7 zile DD se ocup\u0103 \u015fi de televiziune(DDtv). Dintr-un monstru multicefal, care vorbea mult \u015fi prost \u015fi de care nu era deloc m\u00e2ndru, a reu\u015fit s\u0103 scoat\u0103 un canal care ofer\u0103 filme vechi dar bune. Faptul c\u0103 a izbutit, \u00eentr-o luni sear\u0103, s\u0103-mi re\u0163in\u0103 aten\u0163ia cale de 4 ore cu dou\u0103 filme e o performan\u0163\u0103. \u00cen plus mi-a reamintit \u015fi de o melodie foarte bun\u0103:<\/p>\n<p><a href=\"http:\/\/www.youtube.com\/watch?v=pudOFG5X6uA\"><strong><em>Everybody hurts<\/em><\/strong><\/a><\/p>\n<p>\u015ei toamna abia a \u00eenceput.<\/p>\n","protected":false},"excerpt":{"rendered":"<p>Constat c\u0103 DD \u00eencepe s\u0103 fac\u0103 lucruri bune f\u0103r\u0103 s\u0103 mi\u015fte m\u0103car un deget. Asta \u00eenseamn\u0103 c\u0103 a ajuns la un alt nivel. De o s\u0103pt\u0103m\u00e2n\u0103 to\u0163i vecinii au aflat c\u0103 amenajeaz\u0103 Valea Cascadelor. Motivul \u00eemi scap\u0103, dar e bine ca lumea s\u0103 \u015ftie c\u0103\u00a0este activ. Tot cam de 7 zile DD se ocup\u0103 \u015fi&#8230;<\/p>\n","protected":false},"author":2,"featured_media":0,"comment_status":"open","ping_status":"open","sticky":false,"template":"","format":"standard","meta":[],"categories":[4,5],"tags":[],"_links":{"self":[{"href":"http:\/\/www.dedes.ro\/index.php\/wp-json\/wp\/v2\/posts\/964"}],"collection":[{"href":"http:\/\/www.dedes.ro\/index.php\/wp-json\/wp\/v2\/posts"}],"about":[{"href":"http:\/\/www.dedes.ro\/index.php\/wp-json\/wp\/v2\/types\/post"}],"author":[{"embeddable":true,"href":"http:\/\/www.dedes.ro\/index.php\/wp-json\/wp\/v2\/users\/2"}],"replies":[{"embeddable":true,"href":"http:\/\/www.dedes.ro\/index.php\/wp-json\/wp\/v2\/comments?post=964"}],"version-history":[{"count":2,"href":"http:\/\/www.dedes.ro\/index.php\/wp-json\/wp\/v2\/posts\/964\/revisions"}],"predecessor-version":[{"id":967,"href":"http:\/\/www.dedes.ro\/index.php\/wp-json\/wp\/v2\/posts\/964\/revisions\/967"}],"wp:attachment":[{"href":"http:\/\/www.dedes.ro\/index.php\/wp-json\/wp\/v2\/media?parent=964"}],"wp:term":[{"taxonomy":"category","embeddable":true,"href":"http:\/\/www.dedes.ro\/index.php\/wp-json\/wp\/v2\/categories?post=964"},{"taxonomy":"post_tag","embeddable":true,"href":"http:\/\/www.dedes.ro\/index.php\/wp-json\/wp\/v2\/tags?post=964"}],"curies":[{"name":"wp","href":"https:\/\/api.w.org\/{rel}","templated":true}]}}