{"id":1000,"date":"2009-09-21T10:09:21","date_gmt":"2009-09-21T08:09:21","guid":{"rendered":"http:\/\/www.dedes.ro\/?p=1000"},"modified":"2009-09-21T14:03:47","modified_gmt":"2009-09-21T12:03:47","slug":"hoti-de-biciclete","status":"publish","type":"post","link":"https:\/\/www.dedes.ro\/index.php\/2009\/09\/21\/hoti-de-biciclete\/","title":{"rendered":"Ho\u0163i de biciclete"},"content":{"rendered":"<p><img decoding=\"async\" loading=\"lazy\" class=\"alignleft size-medium wp-image-1001\" title=\"ladri_di_biciclette_1227546427_0_1948\" src=\"http:\/\/www.dedes.ro\/wp-content\/uploads\/2009\/09\/ladri_di_biciclette_1227546427_0_1948-300x215.jpg\" alt=\"ladri_di_biciclette_1227546427_0_1948\" width=\"300\" height=\"215\" srcset=\"https:\/\/www.dedes.ro\/wp-content\/uploads\/2009\/09\/ladri_di_biciclette_1227546427_0_1948-300x215.jpg 300w, https:\/\/www.dedes.ro\/wp-content\/uploads\/2009\/09\/ladri_di_biciclette_1227546427_0_1948.jpg 564w\" sizes=\"(max-width: 300px) 100vw, 300px\" \/>Duminic\u0103 fiind, am zis s\u0103 m\u0103 r\u0103sf\u0103\u0163 cu un film vechi pe gustul inimii mele. <em>Ladri di biciclette (Ho\u0163i de biciclete) &#8211; regia:Vittorio de Sica<\/em> a fost alegera mea. De foarte mult timp nu am mai privit cu at\u00e2ta emo\u0163ie un film. Am resim\u0163it din plin toate neputin\u0163ele tat\u0103lui \u015fi unica palma p\u0103rinteasc\u0103 primit\u0103 de fiu. La final m-am recompus pies\u0103 cu pies\u0103 pentru a putea s\u0103 m\u0103 ridic din scaun.\u00a0 O lec\u0163ie despre c\u00e2t de pu\u0163in ne trebuie s\u0103 fim ferici\u0163i sau despre c\u00e2t de u\u015for putem ajunge \u00een pragul disper\u0103rii.<\/p>\n<p><a href=\"http:\/\/www.youtube.com\/watch?v=Myo2vOIGvLQ\">SECVENTA <\/a><\/p>\n","protected":false},"excerpt":{"rendered":"<p>Duminic\u0103 fiind, am zis s\u0103 m\u0103 r\u0103sf\u0103\u0163 cu un film vechi pe gustul inimii mele. Ladri di biciclette (Ho\u0163i de biciclete) &#8211; regia:Vittorio de Sica a fost alegera mea. De foarte mult timp nu am mai privit cu at\u00e2ta emo\u0163ie un film. Am resim\u0163it din plin toate neputin\u0163ele tat\u0103lui \u015fi unica palma p\u0103rinteasc\u0103 primit\u0103 de&#8230;<\/p>\n","protected":false},"author":2,"featured_media":0,"comment_status":"open","ping_status":"open","sticky":false,"template":"","format":"standard","meta":[],"categories":[5],"tags":[],"_links":{"self":[{"href":"https:\/\/www.dedes.ro\/index.php\/wp-json\/wp\/v2\/posts\/1000"}],"collection":[{"href":"https:\/\/www.dedes.ro\/index.php\/wp-json\/wp\/v2\/posts"}],"about":[{"href":"https:\/\/www.dedes.ro\/index.php\/wp-json\/wp\/v2\/types\/post"}],"author":[{"embeddable":true,"href":"https:\/\/www.dedes.ro\/index.php\/wp-json\/wp\/v2\/users\/2"}],"replies":[{"embeddable":true,"href":"https:\/\/www.dedes.ro\/index.php\/wp-json\/wp\/v2\/comments?post=1000"}],"version-history":[{"count":5,"href":"https:\/\/www.dedes.ro\/index.php\/wp-json\/wp\/v2\/posts\/1000\/revisions"}],"predecessor-version":[{"id":1006,"href":"https:\/\/www.dedes.ro\/index.php\/wp-json\/wp\/v2\/posts\/1000\/revisions\/1006"}],"wp:attachment":[{"href":"https:\/\/www.dedes.ro\/index.php\/wp-json\/wp\/v2\/media?parent=1000"}],"wp:term":[{"taxonomy":"category","embeddable":true,"href":"https:\/\/www.dedes.ro\/index.php\/wp-json\/wp\/v2\/categories?post=1000"},{"taxonomy":"post_tag","embeddable":true,"href":"https:\/\/www.dedes.ro\/index.php\/wp-json\/wp\/v2\/tags?post=1000"}],"curies":[{"name":"wp","href":"https:\/\/api.w.org\/{rel}","templated":true}]}}