{"id":1040,"date":"2009-10-11T13:03:59","date_gmt":"2009-10-11T11:03:59","guid":{"rendered":"http:\/\/www.dedes.ro\/?p=1040"},"modified":"2009-10-11T13:05:05","modified_gmt":"2009-10-11T11:05:05","slug":"rusine","status":"publish","type":"post","link":"https:\/\/www.dedes.ro\/index.php\/2009\/10\/11\/rusine\/","title":{"rendered":"Ru\u015fine?!!"},"content":{"rendered":"<p>Aud tot mai mul\u0163i oameni c\u0103 se simt ru\u015fina\u0163i dup\u0103 meciul pierdut \u00een Serbia de echipa na\u0163ional\u0103. Acela\u015fi lucru se \u00eent\u00e2mpl\u0103 \u015fi dup\u0103 ce un politruc autohton d\u0103 cu\u00a0produc\u0163ia nazal\u0103 \u00een fasole la vreo reuniune interna\u0163ional\u0103. Nu \u00een\u0163eleg de ce ar trebui s\u0103-mi fie mie ru\u015fine pentru to\u0163i pro\u015ftii na\u0163iei? E o pur\u0103 \u00eent\u00e2mplare c\u0103 m-am n\u0103scut \u00een Rom\u00e2nia, nu re\u0163in s\u0103 fi f\u0103cut o cerere \u00een acest sens, a\u015fa c\u0103 \u00eemi men\u0163in ru\u015finea doar\u00a0pentru propriile gre\u015feli. Cu peste 20 de ani \u00een urm\u0103 am refuzat s\u0103 merg la \u015fcoal\u0103 dup\u0103 ce echipa olimpic\u0103 de fotbal a pierdut cu 0-8 un meci disputat \u00een Danemarca. Aproape c\u0103 m\u0103 sim\u0163eam vinovat pentru acel rezultat. Un mic copil.<\/p>\n","protected":false},"excerpt":{"rendered":"<p>Aud tot mai mul\u0163i oameni c\u0103 se simt ru\u015fina\u0163i dup\u0103 meciul pierdut \u00een Serbia de echipa na\u0163ional\u0103. Acela\u015fi lucru se \u00eent\u00e2mpl\u0103 \u015fi dup\u0103 ce un politruc autohton d\u0103 cu\u00a0produc\u0163ia nazal\u0103 \u00een fasole la vreo reuniune interna\u0163ional\u0103. Nu \u00een\u0163eleg de ce ar trebui s\u0103-mi fie mie ru\u015fine pentru to\u0163i pro\u015ftii na\u0163iei? E o pur\u0103 \u00eent\u00e2mplare c\u0103&#8230;<\/p>\n","protected":false},"author":2,"featured_media":0,"comment_status":"open","ping_status":"open","sticky":false,"template":"","format":"standard","meta":[],"categories":[5],"tags":[],"_links":{"self":[{"href":"https:\/\/www.dedes.ro\/index.php\/wp-json\/wp\/v2\/posts\/1040"}],"collection":[{"href":"https:\/\/www.dedes.ro\/index.php\/wp-json\/wp\/v2\/posts"}],"about":[{"href":"https:\/\/www.dedes.ro\/index.php\/wp-json\/wp\/v2\/types\/post"}],"author":[{"embeddable":true,"href":"https:\/\/www.dedes.ro\/index.php\/wp-json\/wp\/v2\/users\/2"}],"replies":[{"embeddable":true,"href":"https:\/\/www.dedes.ro\/index.php\/wp-json\/wp\/v2\/comments?post=1040"}],"version-history":[{"count":2,"href":"https:\/\/www.dedes.ro\/index.php\/wp-json\/wp\/v2\/posts\/1040\/revisions"}],"predecessor-version":[{"id":1042,"href":"https:\/\/www.dedes.ro\/index.php\/wp-json\/wp\/v2\/posts\/1040\/revisions\/1042"}],"wp:attachment":[{"href":"https:\/\/www.dedes.ro\/index.php\/wp-json\/wp\/v2\/media?parent=1040"}],"wp:term":[{"taxonomy":"category","embeddable":true,"href":"https:\/\/www.dedes.ro\/index.php\/wp-json\/wp\/v2\/categories?post=1040"},{"taxonomy":"post_tag","embeddable":true,"href":"https:\/\/www.dedes.ro\/index.php\/wp-json\/wp\/v2\/tags?post=1040"}],"curies":[{"name":"wp","href":"https:\/\/api.w.org\/{rel}","templated":true}]}}