{"id":1586,"date":"2010-10-29T13:57:08","date_gmt":"2010-10-29T11:57:08","guid":{"rendered":"http:\/\/www.dedes.ro\/?p=1586"},"modified":"2010-10-29T13:57:08","modified_gmt":"2010-10-29T11:57:08","slug":"triptic-banal","status":"publish","type":"post","link":"https:\/\/www.dedes.ro\/index.php\/2010\/10\/29\/triptic-banal\/","title":{"rendered":"Triptic banal"},"content":{"rendered":"<p><strong>Triptic banal<\/strong><\/p>\n<p>de Ion Minulescu<\/p>\n<p><em>Prin curtea pavat\u0103 cu pl\u0103ci de bazalt<br \/>\nR\u0103sun\u0103 gr\u0103bi\u0163ii pantofii de atlaz,<br \/>\nR\u0103sun\u0103 ca stropii de ploaie ce cad,<br \/>\nCe cad din \u00eenaltul \u015fi negrul pervaz,<br \/>\nCe cad din pervazul patrat \u015fi \u00eenalt<br \/>\nPe pl\u0103cile negre \u015fi verzi de bazalt.<br \/>\nSunt singur&#8230;<br \/>\nOdaia-mi cu albii pere\u0163i<br \/>\n\u00cemi pare enorma cutie de brad<br \/>\n\u00cen care nebunul dresor de sticle\u0163i<br \/>\n\u015ei-a-nchis favoritul&#8230;<br \/>\n\u015ei pa\u015fii gr\u0103bi\u0163i<br \/>\nR\u0103sun\u0103 prin curtea cu pl\u0103ci de bazalt,<br \/>\nR\u0103sun\u0103 gr\u0103bi\u0163ii pantofii de atlaz<br \/>\nPe pl\u0103cile negre \u015fi verzi de bazalt,<br \/>\nR\u0103sun\u0103 ca stropii de ploaie ce cad<br \/>\n\u015ei c\u00e2nt\u0103 prin cutrea cu pl\u0103ci de bazalt<br \/>\nLa fel cu-aripa\u0163ii nebuni c\u00e2nt\u0103re\u0163i.<br \/>\n\u015ei alba-mi cutie enorm\u0103 de brad<br \/>\nSe clatin\u0103 parc\u0103 de-at\u00e2tea c\u00e2nt\u0103ri&#8230;<br \/>\nAscult cum se urc\u0103 pantofii pe sc\u0103ri,<br \/>\nSe urc\u0103 spre mine &#8211;<br \/>\nAlesul sunt eu &#8211;<br \/>\n\u015ei pa\u015fii se urc\u0103,<br \/>\nSe urc\u0103 mereu<br \/>\nSpre cel din odaia cu albii pere\u0163i!&#8230;<br \/>\n. . . . . . . . . . . . . . . . . . . . .<br \/>\n\u015ei nu mai sunt singur,<br \/>\n\u015ei nu mai sunt eu.<br \/>\nII<br \/>\nPlou\u0103&#8230;<br \/>\nPe trotuarul negru felinarul deseneaz\u0103<br \/>\nO enorm\u0103 violet\u0103 &#8211;<br \/>\nViolet\u0103 ca umbrela japonez\u0103 ce-ncadreaz\u0103<br \/>\nChipul ei oval \u015fi palid<br \/>\nDe nocturn\u0103 cochet\u0103<br \/>\nMagdalen\u0103<br \/>\nPlou\u0103&#8230;<br \/>\nPe trotuarul negru pa\u015fii ei se-ncruci\u015feaz\u0103<br \/>\nCu gr\u0103bi\u0163ii pa\u015fi ai celor ce-o privesc<br \/>\n\u015ei-apoi dispar.<br \/>\n\u015ei t\u0103cuta Magdalen\u0103<br \/>\nSe strecoar\u0103 ca noroiul<br \/>\nCe dispare \u00een canalul deschis larg l\u00e2ng\u0103 trotuar!<br \/>\nN-are vreme s-o-nso\u0163easc\u0103 nimeni,<br \/>\nNimeni n-are vreme<br \/>\nS-o mai cheme&#8230;<br \/>\nPlou\u0103, plou\u0103&#8230;<br \/>\n\u015ei trotuarul ud sclipe\u015fte printre case.<br \/>\nCa o candel\u0103 aprins\u0103<br \/>\nLa icoana Magdalenei p\u0103c\u0103toase.<br \/>\n. . . . . . . . . . . .<br \/>\n. . . . . . . . . . . .<br \/>\nNu \u015ftiu cine e\u015fti<br \/>\n\u015ei ni \u015ftiu cine sunt &#8211;<br \/>\nAt\u00e2t mai bine.<br \/>\nHai cu mine&#8230;<br \/>\nVom petrece-ntreaga noapte m\u00e2ng\u00e2indu-ne<br \/>\ncu din\u0163ii<br \/>\nCa felinele,<br \/>\n\u015ei-apoi<br \/>\nVom dispare am\u00e2ndoi,<br \/>\nPref\u0103c\u00e2ndu-ne-ntr-un bloc &#8211;<br \/>\nBloc de carne \u015fi de foc,<br \/>\nPl\u0103m\u0103dit de draci<br \/>\n\u015ei-nchis<br \/>\nPe vecie \u00een infernul unei nop\u0163i de Valpurgis.<br \/>\nIII<br \/>\nN-ai fost cea dint\u00e2i,<br \/>\nE\u015fti \u00eens\u0103 cea din urm\u0103 &#8211;<br \/>\n\u015ei-i destul<br \/>\nPentru-amanta celui care poate totul &#8211; tot ce vrea&#8230;<br \/>\nAm vroit s\u0103 fii a mea ;<br \/>\n\u015ei ai fost.<br \/>\nC\u00e2t timp?<br \/>\nAt\u00e2ta c\u00e2t am vrut&#8230;<br \/>\n\u015ei-azi dac\u0103 pleci,<br \/>\nE c\u0103 vreau s\u0103-\u015fi plimbe urma pe obrajii-\u0163i albi \u015fi reci<br \/>\nDin\u0163ii celor care-a\u015fteapt\u0103,<br \/>\nDin\u0163ii celor care mu\u015fc\u0103<br \/>\n\u015ei distrug cu l\u0103comia tigrilor \u00eenchi\u015fi \u00een cu\u015fc\u0103&#8230;<br \/>\nDu-te&#8230;<br \/>\nStrada te a\u015fteapt\u0103, \u00ee\u0163i sur\u00e2de \u015fi te cheam\u0103,<br \/>\nStrada-\u0163i zice: Vino,<br \/>\nUit\u0103 ce-ai fost ieri, c\u0103ci azi e\u015fti alta,<br \/>\nUit\u0103 tot ce la\u015fi \u00een urm\u0103<br \/>\n\u015ei te-ndreapt\u0103 f\u0103r\u0103 team\u0103<br \/>\nSpre surorile-\u0163i de m\u00e2ine, ce troneaz\u0103 pe \u00eenalta<br \/>\nPiramid\u0103-nfipt\u0103-n centrul marelui ora\u015f&#8230;<br \/>\nPrive\u015fte<br \/>\nCum te-a\u015fteapt\u0103-n col\u0163ul str\u0103zii precupe\u0163ii de senza\u0163ii!<br \/>\nC\u00e2\u0163i sunt?<br \/>\nUnul, doi, o sut\u0103?&#8230;<br \/>\nNu&#8230; sunt mii, \u015fi gloata cre\u015fte<br \/>\nCa tumultul de ova\u0163ii&#8230;<br \/>\nCea dint\u00e2i a fost uitat\u0103,<br \/>\nCea din urm\u0103-i a\u015fteapt\u0103,<br \/>\n\u015ei a\u015fteptarea \u00eei excit\u0103&#8230;<br \/>\nPalid\u0103 s\u0103rb\u0103torit\u0103,<br \/>\nFii de-acuma deci a lor,<br \/>\nFii de-acuma-nving\u0103toarea<br \/>\n\u015ei \u00eenvinsa tuturor.<\/em><\/p>\n<p><a href=\"http:\/\/www.youtube.com\/watch?v=2QxExwv1Xvg\" target=\"_blank\">TRIPTIC BANAL<\/a><\/p>\n","protected":false},"excerpt":{"rendered":"<p>Triptic banal de Ion Minulescu Prin curtea pavat\u0103 cu pl\u0103ci de bazalt R\u0103sun\u0103 gr\u0103bi\u0163ii pantofii de atlaz, R\u0103sun\u0103 ca stropii de ploaie ce cad, Ce cad din \u00eenaltul \u015fi negrul pervaz, Ce cad din pervazul patrat \u015fi \u00eenalt Pe pl\u0103cile negre \u015fi verzi de bazalt. Sunt singur&#8230; Odaia-mi cu albii pere\u0163i \u00cemi pare enorma cutie&#8230;<\/p>\n","protected":false},"author":2,"featured_media":0,"comment_status":"open","ping_status":"open","sticky":false,"template":"","format":"standard","meta":[],"categories":[4,5],"tags":[],"_links":{"self":[{"href":"https:\/\/www.dedes.ro\/index.php\/wp-json\/wp\/v2\/posts\/1586"}],"collection":[{"href":"https:\/\/www.dedes.ro\/index.php\/wp-json\/wp\/v2\/posts"}],"about":[{"href":"https:\/\/www.dedes.ro\/index.php\/wp-json\/wp\/v2\/types\/post"}],"author":[{"embeddable":true,"href":"https:\/\/www.dedes.ro\/index.php\/wp-json\/wp\/v2\/users\/2"}],"replies":[{"embeddable":true,"href":"https:\/\/www.dedes.ro\/index.php\/wp-json\/wp\/v2\/comments?post=1586"}],"version-history":[{"count":2,"href":"https:\/\/www.dedes.ro\/index.php\/wp-json\/wp\/v2\/posts\/1586\/revisions"}],"predecessor-version":[{"id":1589,"href":"https:\/\/www.dedes.ro\/index.php\/wp-json\/wp\/v2\/posts\/1586\/revisions\/1589"}],"wp:attachment":[{"href":"https:\/\/www.dedes.ro\/index.php\/wp-json\/wp\/v2\/media?parent=1586"}],"wp:term":[{"taxonomy":"category","embeddable":true,"href":"https:\/\/www.dedes.ro\/index.php\/wp-json\/wp\/v2\/categories?post=1586"},{"taxonomy":"post_tag","embeddable":true,"href":"https:\/\/www.dedes.ro\/index.php\/wp-json\/wp\/v2\/tags?post=1586"}],"curies":[{"name":"wp","href":"https:\/\/api.w.org\/{rel}","templated":true}]}}