{"id":1625,"date":"2010-11-12T08:15:31","date_gmt":"2010-11-12T06:15:31","guid":{"rendered":"http:\/\/www.dedes.ro\/?p=1625"},"modified":"2010-11-12T08:15:31","modified_gmt":"2010-11-12T06:15:31","slug":"sa-i-mai-omoram-o-data","status":"publish","type":"post","link":"https:\/\/www.dedes.ro\/index.php\/2010\/11\/12\/sa-i-mai-omoram-o-data\/","title":{"rendered":"S\u0103-i mai omor\u00e2m o dat\u0103!"},"content":{"rendered":"<p>Moartea se vinde minunat, se vinde cu via\u0163\u0103. Cultura noastr\u0103 ar putea  avea o mare \u015fans\u0103, cu o singur\u0103 condi\u0163ie: s\u0103 reu\u015fim s\u0103 \u00eei \u00eenviem la  r\u0103s\u0103rit pe marii scriitori ai neamului, iar la apus s\u0103 le permitem s\u0103  mai moar\u0103 o dat\u0103, pentru noi. De restul s-ar ocupa televiziunile \u015fi mult  prea v\u00e2ndutele tabloide. Ar fi o \u015fans\u0103 uria\u015f\u0103 \u015fi pentru edituri s\u0103  dep\u0103\u015feasc\u0103 problemele, dar \u015fi pentru public s\u0103-\u015fi reg\u0103seasc\u0103 reperele.<br \/>\nUn Eminescu murind din cauza unui sistem (s\u0103 zicem sanitar) \u00een  colaps ar face  rating uria\u015f la televiziunile de \u015ftiri. Evident, niciun  ministru nu ar demisiona, dar &#8222;Luceaf\u0103rul&#8221; \u015fi &#8222;Od\u0103 (\u00een metru antic)&#8221; ar  fi v\u00e2ndute \u00een c\u00e2teva sute de mii de exemplare. Picanteriile legate de  pove\u015ftile de dragoste ar duce tirajele spre \u00eenaltul cerului. Labi\u015f&#8230;.<\/p>\n<p>Textul l-am terminat <a href=\"http:\/\/www.bursa.ro\/sa-i-mai-omoram-o-data-101128&amp;s=omul_sminteste_locul&amp;articol=101128.html\" target=\"_blank\">aici<\/a>.<\/p>\n","protected":false},"excerpt":{"rendered":"<p>Moartea se vinde minunat, se vinde cu via\u0163\u0103. Cultura noastr\u0103 ar putea avea o mare \u015fans\u0103, cu o singur\u0103 condi\u0163ie: s\u0103 reu\u015fim s\u0103 \u00eei \u00eenviem la r\u0103s\u0103rit pe marii scriitori ai neamului, iar la apus s\u0103 le permitem s\u0103 mai moar\u0103 o dat\u0103, pentru noi. De restul s-ar ocupa televiziunile \u015fi mult prea v\u00e2ndutele tabloide&#8230;.<\/p>\n","protected":false},"author":2,"featured_media":0,"comment_status":"open","ping_status":"open","sticky":false,"template":"","format":"standard","meta":[],"categories":[4],"tags":[],"_links":{"self":[{"href":"https:\/\/www.dedes.ro\/index.php\/wp-json\/wp\/v2\/posts\/1625"}],"collection":[{"href":"https:\/\/www.dedes.ro\/index.php\/wp-json\/wp\/v2\/posts"}],"about":[{"href":"https:\/\/www.dedes.ro\/index.php\/wp-json\/wp\/v2\/types\/post"}],"author":[{"embeddable":true,"href":"https:\/\/www.dedes.ro\/index.php\/wp-json\/wp\/v2\/users\/2"}],"replies":[{"embeddable":true,"href":"https:\/\/www.dedes.ro\/index.php\/wp-json\/wp\/v2\/comments?post=1625"}],"version-history":[{"count":1,"href":"https:\/\/www.dedes.ro\/index.php\/wp-json\/wp\/v2\/posts\/1625\/revisions"}],"predecessor-version":[{"id":1626,"href":"https:\/\/www.dedes.ro\/index.php\/wp-json\/wp\/v2\/posts\/1625\/revisions\/1626"}],"wp:attachment":[{"href":"https:\/\/www.dedes.ro\/index.php\/wp-json\/wp\/v2\/media?parent=1625"}],"wp:term":[{"taxonomy":"category","embeddable":true,"href":"https:\/\/www.dedes.ro\/index.php\/wp-json\/wp\/v2\/categories?post=1625"},{"taxonomy":"post_tag","embeddable":true,"href":"https:\/\/www.dedes.ro\/index.php\/wp-json\/wp\/v2\/tags?post=1625"}],"curies":[{"name":"wp","href":"https:\/\/api.w.org\/{rel}","templated":true}]}}