{"id":1655,"date":"2010-11-22T08:40:21","date_gmt":"2010-11-22T06:40:21","guid":{"rendered":"http:\/\/www.dedes.ro\/?p=1655"},"modified":"2010-11-22T08:40:21","modified_gmt":"2010-11-22T06:40:21","slug":"teatru-si-ceva-in-plus","status":"publish","type":"post","link":"https:\/\/www.dedes.ro\/index.php\/2010\/11\/22\/teatru-si-ceva-in-plus\/","title":{"rendered":"Teatru \u015fi ceva \u00een plus"},"content":{"rendered":"<p><a href=\"http:\/\/www.dedes.ro\/wp-content\/uploads\/2010\/11\/arsenie-boca.jpg\"><img decoding=\"async\" loading=\"lazy\" class=\"alignleft size-medium wp-image-1656\" title=\"arsenie-boca\" src=\"http:\/\/www.dedes.ro\/wp-content\/uploads\/2010\/11\/arsenie-boca-211x300.jpg\" alt=\"\" width=\"89\" height=\"126\" srcset=\"https:\/\/www.dedes.ro\/wp-content\/uploads\/2010\/11\/arsenie-boca-211x300.jpg 211w, https:\/\/www.dedes.ro\/wp-content\/uploads\/2010\/11\/arsenie-boca.jpg 600w\" sizes=\"(max-width: 89px) 100vw, 89px\" \/><\/a>S\u00e2mb\u0103t\u0103 \u015fi duminic\u0103, \u00eencep\u00e2nd cu ora 23.00, la Radio Rom\u00e2nia Actualit\u0103\u0163i iubitorii de teatru radiofonic pot asculta piesa: <strong>\u201eP\u0103rintele Arsenie Boca: Sui\u015ful Muntelui- <\/strong><strong>Primii pa\u015fi pe C\u0103rarea \u00cemp\u0103r\u0103\u0163iei<\/strong><strong>\u201d. <\/strong>(Scenariu radiofonic de Ion-Costin Manoliu. Regia artistic\u0103: Nicolae M\u0103rgineanu.Cu participarea preotului Nicolae Streza.)<\/p>\n<p>CRED c\u0103 merit\u0103, e o cale s\u0103 afl\u0103m mai multe despre &#8222;Sf\u00e2ntul Ardealului&#8221;.<\/p>\n","protected":false},"excerpt":{"rendered":"<p>S\u00e2mb\u0103t\u0103 \u015fi duminic\u0103, \u00eencep\u00e2nd cu ora 23.00, la Radio Rom\u00e2nia Actualit\u0103\u0163i iubitorii de teatru radiofonic pot asculta piesa: \u201eP\u0103rintele Arsenie Boca: Sui\u015ful Muntelui- Primii pa\u015fi pe C\u0103rarea \u00cemp\u0103r\u0103\u0163iei\u201d. (Scenariu radiofonic de Ion-Costin Manoliu. Regia artistic\u0103: Nicolae M\u0103rgineanu.Cu participarea preotului Nicolae Streza.) CRED c\u0103 merit\u0103, e o cale s\u0103 afl\u0103m mai multe despre &#8222;Sf\u00e2ntul Ardealului&#8221;.<\/p>\n","protected":false},"author":2,"featured_media":0,"comment_status":"open","ping_status":"open","sticky":false,"template":"","format":"standard","meta":[],"categories":[5],"tags":[],"_links":{"self":[{"href":"https:\/\/www.dedes.ro\/index.php\/wp-json\/wp\/v2\/posts\/1655"}],"collection":[{"href":"https:\/\/www.dedes.ro\/index.php\/wp-json\/wp\/v2\/posts"}],"about":[{"href":"https:\/\/www.dedes.ro\/index.php\/wp-json\/wp\/v2\/types\/post"}],"author":[{"embeddable":true,"href":"https:\/\/www.dedes.ro\/index.php\/wp-json\/wp\/v2\/users\/2"}],"replies":[{"embeddable":true,"href":"https:\/\/www.dedes.ro\/index.php\/wp-json\/wp\/v2\/comments?post=1655"}],"version-history":[{"count":1,"href":"https:\/\/www.dedes.ro\/index.php\/wp-json\/wp\/v2\/posts\/1655\/revisions"}],"predecessor-version":[{"id":1657,"href":"https:\/\/www.dedes.ro\/index.php\/wp-json\/wp\/v2\/posts\/1655\/revisions\/1657"}],"wp:attachment":[{"href":"https:\/\/www.dedes.ro\/index.php\/wp-json\/wp\/v2\/media?parent=1655"}],"wp:term":[{"taxonomy":"category","embeddable":true,"href":"https:\/\/www.dedes.ro\/index.php\/wp-json\/wp\/v2\/categories?post=1655"},{"taxonomy":"post_tag","embeddable":true,"href":"https:\/\/www.dedes.ro\/index.php\/wp-json\/wp\/v2\/tags?post=1655"}],"curies":[{"name":"wp","href":"https:\/\/api.w.org\/{rel}","templated":true}]}}