{"id":1665,"date":"2010-11-23T20:50:32","date_gmt":"2010-11-23T18:50:32","guid":{"rendered":"http:\/\/www.dedes.ro\/?p=1665"},"modified":"2010-11-23T20:56:39","modified_gmt":"2010-11-23T18:56:39","slug":"codin","status":"publish","type":"post","link":"https:\/\/www.dedes.ro\/index.php\/2010\/11\/23\/codin\/","title":{"rendered":"Codin"},"content":{"rendered":"<p><a href=\"http:\/\/www.dedes.ro\/wp-content\/uploads\/2010\/11\/codine-457844l.jpg\"><img decoding=\"async\" loading=\"lazy\" class=\"alignleft size-medium wp-image-1666\" title=\"codine-457844l\" src=\"http:\/\/www.dedes.ro\/wp-content\/uploads\/2010\/11\/codine-457844l-222x300.jpg\" alt=\"\" width=\"222\" height=\"300\" srcset=\"https:\/\/www.dedes.ro\/wp-content\/uploads\/2010\/11\/codine-457844l-222x300.jpg 222w, https:\/\/www.dedes.ro\/wp-content\/uploads\/2010\/11\/codine-457844l.jpg 437w\" sizes=\"(max-width: 222px) 100vw, 222px\" \/><\/a>\u00cen primii ani ai copil\u0103riei existau\u00a0 dou\u0103 personaje pe care le vedeam la TV \u015fi care \u00eemi provocau spaime greu de descris: Sindbad Marinarul \u015fi Codin. Cu desenul animat m-am \u00eemp\u0103cat destul de repede. \u00cen schimb personajul din filmul cu acela\u015fi nume a continuat s\u0103 ma b\u00e2ntuie, mai ales c\u0103 pelicula era destul de des difuzat\u0103 \u00een acea perioad\u0103. Privirea lui Alexandru Virgil Platon reu\u015fea s\u0103 m\u0103 urm\u0103reasc\u0103 zile bune, iar sentimentul s-a accentuat dup\u0103 ce l-am v\u0103zut pe acela\u015fi actor \u00een rolul c\u0103peteniei de trib venit din stepele Asiei \u00een Columna.<\/p>\n<p>\u00cen urm\u0103 cu dou\u0103 zile am sim\u0163it un scurt circuit\u00a0 \u00een autobuzul 368 c\u00e2nd din spate am auzit o vocea gutural cavernoas\u0103, care \u00eemi suna mai mult dec\u00e2t cunoscut \u015fi venea din str\u0103fundurile copil\u0103riei. Minute bune m-am uitat la omul care nu-\u015fi tr\u0103da deloc v\u00e2rsta \u015fi \u00eentr-un final l-am \u00eentrebat, simplu, dac\u0103 el este cel care l-a jucat pe Codin. I-am provocat un r\u00e2s care zguduit geamurile autobuzului. \u00centr-un final s-a mul\u0163umit s\u0103-mi ofere o \u00eentrebare \u00een loc de r\u0103spuns: &#8221; Dar dumneata c\u00e2\u0163i ani ai?&#8221;. Chiar a\u015fa, c\u00e2\u0163i ani puteam s\u0103 am \u00een fa\u0163a lui Codin.<\/p>\n<p>PS<\/p>\n<p>Din c\u00e2nd \u00een c\u00e2nd m\u0103 mai joc \u015fi aleg la \u00eent\u00e2mplare o carte din bibliotec\u0103. Ast\u0103zi m\u00e2na s-a dus direct la volumul Chira Chiralina, scris de Panait Istrati. Pu\u0163in mai t\u00e2rziu am deschis radioul \u015fi la Radio Rom\u00e2nia Cultural tocmai \u00eencepea \u201ePanait Istrati: Omul -Ecou\u201d. E clar c\u0103 sunt ni\u015fte semne, dar habar nu am s\u0103 le interpretez.<\/p>\n","protected":false},"excerpt":{"rendered":"<p>\u00cen primii ani ai copil\u0103riei existau\u00a0 dou\u0103 personaje pe care le vedeam la TV \u015fi care \u00eemi provocau spaime greu de descris: Sindbad Marinarul \u015fi Codin. Cu desenul animat m-am \u00eemp\u0103cat destul de repede. \u00cen schimb personajul din filmul cu acela\u015fi nume a continuat s\u0103 ma b\u00e2ntuie, mai ales c\u0103 pelicula era destul de des&#8230;<\/p>\n","protected":false},"author":2,"featured_media":0,"comment_status":"open","ping_status":"open","sticky":false,"template":"","format":"standard","meta":[],"categories":[4],"tags":[],"_links":{"self":[{"href":"https:\/\/www.dedes.ro\/index.php\/wp-json\/wp\/v2\/posts\/1665"}],"collection":[{"href":"https:\/\/www.dedes.ro\/index.php\/wp-json\/wp\/v2\/posts"}],"about":[{"href":"https:\/\/www.dedes.ro\/index.php\/wp-json\/wp\/v2\/types\/post"}],"author":[{"embeddable":true,"href":"https:\/\/www.dedes.ro\/index.php\/wp-json\/wp\/v2\/users\/2"}],"replies":[{"embeddable":true,"href":"https:\/\/www.dedes.ro\/index.php\/wp-json\/wp\/v2\/comments?post=1665"}],"version-history":[{"count":3,"href":"https:\/\/www.dedes.ro\/index.php\/wp-json\/wp\/v2\/posts\/1665\/revisions"}],"predecessor-version":[{"id":1668,"href":"https:\/\/www.dedes.ro\/index.php\/wp-json\/wp\/v2\/posts\/1665\/revisions\/1668"}],"wp:attachment":[{"href":"https:\/\/www.dedes.ro\/index.php\/wp-json\/wp\/v2\/media?parent=1665"}],"wp:term":[{"taxonomy":"category","embeddable":true,"href":"https:\/\/www.dedes.ro\/index.php\/wp-json\/wp\/v2\/categories?post=1665"},{"taxonomy":"post_tag","embeddable":true,"href":"https:\/\/www.dedes.ro\/index.php\/wp-json\/wp\/v2\/tags?post=1665"}],"curies":[{"name":"wp","href":"https:\/\/api.w.org\/{rel}","templated":true}]}}