{"id":1821,"date":"2011-02-03T21:53:14","date_gmt":"2011-02-03T19:53:14","guid":{"rendered":"http:\/\/www.dedes.ro\/?p=1821"},"modified":"2011-02-03T22:19:28","modified_gmt":"2011-02-03T20:19:28","slug":"jurnalist-de-razboi","status":"publish","type":"post","link":"https:\/\/www.dedes.ro\/index.php\/2011\/02\/03\/jurnalist-de-razboi\/","title":{"rendered":"Jurnalist de r\u0103zboi"},"content":{"rendered":"<p>Miercuri, jurnali\u015ftii de la TVR au fost re\u0163inu\u0163i de egipteni, fiind amenin\u0163a\u0163i cu un cu\u0163it. A doua zi, probabil, au curs amenzi la celelalte posturi. Joi diminea\u0163\u0103 echipa Realitatea TV a fost re\u0163inut\u0103 la Cairo. Mai pe sear\u0103 poli\u0163ia i-a ridicat pe cei de la Antena 3.<\/p>\n<p>Sunt la Bucure\u015fti, dar m\u0103 tem. M\u0103 tem c\u0103 voi ajunge \u015fomer. Consult cartea de imobil, e\u015fec lamentabil numai rom\u00e2ni, niciun egiptean pe scar\u0103. \u00cen Ferentari nu mai merg de foarte mult timp.\u00cemi rog so\u0163ia s\u0103-\u015fi arunce un batic \u00een jurul capului \u015fi s\u0103 m\u0103 ia pu\u0163in ostatic \u00een buc\u0103t\u0103rie. Sunt gata s\u0103 trimit o coresponden\u0163\u0103 la redac\u0163ie, cu poze de la fa\u0163a locului. Situa\u0163ia devine tensionat\u0103, de emo\u0163ie am devalizat frigiderul \u00een absen\u0163a re\u0163in\u0103torului. S\u0103 m\u0103 salveze cineva! Pot s\u0103 mor din cauza indigestiei.<\/p>\n<p>\u00cemi e grea\u0163\u0103!<\/p>\n<p><a href=\"http:\/\/www.dedes.ro\/wp-content\/uploads\/2011\/02\/2009_07200007.jpg\"><img decoding=\"async\" loading=\"lazy\" class=\"alignleft size-medium wp-image-1826\" title=\"2009_07200007\" src=\"http:\/\/www.dedes.ro\/wp-content\/uploads\/2011\/02\/2009_07200007-300x220.jpg\" alt=\"\" width=\"300\" height=\"220\" srcset=\"https:\/\/www.dedes.ro\/wp-content\/uploads\/2011\/02\/2009_07200007-300x220.jpg 300w, https:\/\/www.dedes.ro\/wp-content\/uploads\/2011\/02\/2009_07200007-1024x752.jpg 1024w\" sizes=\"(max-width: 300px) 100vw, 300px\" \/><\/a>.<\/p>\n<p>.<\/p>\n<p>.<\/p>\n<p>.<\/p>\n<p>.<\/p>\n<p>.<\/p>\n<p>.<\/p>\n<p>.<\/p>\n<p>.<\/p>\n<p>PS<\/p>\n<p>O ultim\u0103 \u0163igare. Ar merge \u015fi un set de beri.<\/p>\n","protected":false},"excerpt":{"rendered":"<p>Miercuri, jurnali\u015ftii de la TVR au fost re\u0163inu\u0163i de egipteni, fiind amenin\u0163a\u0163i cu un cu\u0163it. A doua zi, probabil, au curs amenzi la celelalte posturi. Joi diminea\u0163\u0103 echipa Realitatea TV a fost re\u0163inut\u0103 la Cairo. Mai pe sear\u0103 poli\u0163ia i-a ridicat pe cei de la Antena 3. Sunt la Bucure\u015fti, dar m\u0103 tem. M\u0103 tem&#8230;<\/p>\n","protected":false},"author":2,"featured_media":0,"comment_status":"open","ping_status":"open","sticky":false,"template":"","format":"standard","meta":[],"categories":[5],"tags":[],"_links":{"self":[{"href":"https:\/\/www.dedes.ro\/index.php\/wp-json\/wp\/v2\/posts\/1821"}],"collection":[{"href":"https:\/\/www.dedes.ro\/index.php\/wp-json\/wp\/v2\/posts"}],"about":[{"href":"https:\/\/www.dedes.ro\/index.php\/wp-json\/wp\/v2\/types\/post"}],"author":[{"embeddable":true,"href":"https:\/\/www.dedes.ro\/index.php\/wp-json\/wp\/v2\/users\/2"}],"replies":[{"embeddable":true,"href":"https:\/\/www.dedes.ro\/index.php\/wp-json\/wp\/v2\/comments?post=1821"}],"version-history":[{"count":7,"href":"https:\/\/www.dedes.ro\/index.php\/wp-json\/wp\/v2\/posts\/1821\/revisions"}],"predecessor-version":[{"id":1830,"href":"https:\/\/www.dedes.ro\/index.php\/wp-json\/wp\/v2\/posts\/1821\/revisions\/1830"}],"wp:attachment":[{"href":"https:\/\/www.dedes.ro\/index.php\/wp-json\/wp\/v2\/media?parent=1821"}],"wp:term":[{"taxonomy":"category","embeddable":true,"href":"https:\/\/www.dedes.ro\/index.php\/wp-json\/wp\/v2\/categories?post=1821"},{"taxonomy":"post_tag","embeddable":true,"href":"https:\/\/www.dedes.ro\/index.php\/wp-json\/wp\/v2\/tags?post=1821"}],"curies":[{"name":"wp","href":"https:\/\/api.w.org\/{rel}","templated":true}]}}