{"id":1847,"date":"2011-02-14T08:51:38","date_gmt":"2011-02-14T06:51:38","guid":{"rendered":"http:\/\/www.dedes.ro\/?p=1847"},"modified":"2011-02-14T09:02:07","modified_gmt":"2011-02-14T07:02:07","slug":"blestem-de-dragoste","status":"publish","type":"post","link":"https:\/\/www.dedes.ro\/index.php\/2011\/02\/14\/blestem-de-dragoste\/","title":{"rendered":"Blestem de dragoste"},"content":{"rendered":"<p><em><br \/>\n(Miron-Radu Paraschivescu)<\/em><br \/>\nC\u00e2nd \u0163i-o fi lumea mai drag\u0103,<br \/>\ns\u0103-\u0163i pice dreapta beteag\u0103<br \/>\n\u015fi s-ajungi, la cap de pod,<br \/>\ncer\u015fetor, slut \u015fi n\u0103rod.<br \/>\nDin puterea ta a plin\u0103,<br \/>\nsupt\u0103 de vreo curvi\u015ftin\u0103,<br \/>\ns\u0103 r\u0103m\u00e2i sfrijit ca paiul,<br \/>\nurle-\u0163i versul ca buhaiul,<br \/>\nlimba s\u0103 \u0163i se-mpleteasc\u0103,<br \/>\ns\u0103 vorbe\u015fti pe p\u0103s\u0103reasc\u0103,<br \/>\ns\u0103 te tope\u015fti de-a-n picioare,<br \/>\ngalbin, ca o lum\u00e2nare!<\/p>\n<p>S\u0103 nu fie boal\u0103 rea,<br \/>\ncare-n tine s\u0103 nu dea!<br \/>\nArdite-ar focul, mangalul,<br \/>\ns\u0103 fii scopit ca muscalul!<br \/>\nC\u00e2nte-\u0163i popa din Scriptur\u0103,<br \/>\ns\u0103-\u0163i v\u0103z dafinul pe gur\u0103!<br \/>\nCrai par\u015fiv, din \u0163ig\u0103nie,<br \/>\nc\u0103 m-ai omor\u00e2t de vie,<br \/>\nc\u00e2nd m-ai luat din cas\u0103 fat\u0103,<br \/>\ncrud\u0103 \u015fi nevinovat\u0103,<br \/>\n\u015fi m-ai spintecat \u00een dou\u0103<br \/>\nsub cerul cu lun\u0103 nou\u0103.<\/p>\n<p>\u015ei-n loc s\u0103 m\u0103 iei mireas\u0103,<br \/>\nm-ai l\u0103sat s\u0103 zac bor\u0163oas\u0103<br \/>\n\u015fi te-ai dus, duce-te-ar apa,<br \/>\nunde \u015fi-a dus mutul iapa!<br \/>\nDar de-o fi \u015fi-o fi s\u0103 vii,<br \/>\niar \u00een bra\u0163e s\u0103 m\u0103 \u0163\u00eei,<br \/>\ns\u0103-mi s\u0103ru\u0163i \u0163\u00e2\u0163a \u015fi gura<br \/>\n\u015fi s\u0103-mi stingi din s\u00e2n arsura,<br \/>\nVedea-te-a\u015f tot cum te \u015ftiu:<br \/>\n\u2019nalt, b\u0103lan \u015fi cilibiu,<br \/>\ncu ochi arz\u0103tori ca focul;<br \/>\nAduce-mi-te-ar ghiocul!<\/p>\n","protected":false},"excerpt":{"rendered":"<p>(Miron-Radu Paraschivescu) C\u00e2nd \u0163i-o fi lumea mai drag\u0103, s\u0103-\u0163i pice dreapta beteag\u0103 \u015fi s-ajungi, la cap de pod, cer\u015fetor, slut \u015fi n\u0103rod. Din puterea ta a plin\u0103, supt\u0103 de vreo curvi\u015ftin\u0103, s\u0103 r\u0103m\u00e2i sfrijit ca paiul, urle-\u0163i versul ca buhaiul, limba s\u0103 \u0163i se-mpleteasc\u0103, s\u0103 vorbe\u015fti pe p\u0103s\u0103reasc\u0103, s\u0103 te tope\u015fti de-a-n picioare, galbin, ca&#8230;<\/p>\n","protected":false},"author":2,"featured_media":0,"comment_status":"open","ping_status":"open","sticky":false,"template":"","format":"standard","meta":[],"categories":[1],"tags":[],"_links":{"self":[{"href":"https:\/\/www.dedes.ro\/index.php\/wp-json\/wp\/v2\/posts\/1847"}],"collection":[{"href":"https:\/\/www.dedes.ro\/index.php\/wp-json\/wp\/v2\/posts"}],"about":[{"href":"https:\/\/www.dedes.ro\/index.php\/wp-json\/wp\/v2\/types\/post"}],"author":[{"embeddable":true,"href":"https:\/\/www.dedes.ro\/index.php\/wp-json\/wp\/v2\/users\/2"}],"replies":[{"embeddable":true,"href":"https:\/\/www.dedes.ro\/index.php\/wp-json\/wp\/v2\/comments?post=1847"}],"version-history":[{"count":2,"href":"https:\/\/www.dedes.ro\/index.php\/wp-json\/wp\/v2\/posts\/1847\/revisions"}],"predecessor-version":[{"id":1849,"href":"https:\/\/www.dedes.ro\/index.php\/wp-json\/wp\/v2\/posts\/1847\/revisions\/1849"}],"wp:attachment":[{"href":"https:\/\/www.dedes.ro\/index.php\/wp-json\/wp\/v2\/media?parent=1847"}],"wp:term":[{"taxonomy":"category","embeddable":true,"href":"https:\/\/www.dedes.ro\/index.php\/wp-json\/wp\/v2\/categories?post=1847"},{"taxonomy":"post_tag","embeddable":true,"href":"https:\/\/www.dedes.ro\/index.php\/wp-json\/wp\/v2\/tags?post=1847"}],"curies":[{"name":"wp","href":"https:\/\/api.w.org\/{rel}","templated":true}]}}