{"id":1996,"date":"2011-05-06T08:59:02","date_gmt":"2011-05-06T06:59:02","guid":{"rendered":"http:\/\/www.dedes.ro\/?p=1996"},"modified":"2011-05-06T09:02:21","modified_gmt":"2011-05-06T07:02:21","slug":"manusile-noastre","status":"publish","type":"post","link":"https:\/\/www.dedes.ro\/index.php\/2011\/05\/06\/manusile-noastre\/","title":{"rendered":"M\u0103nu\u015file noastre"},"content":{"rendered":"<p>La dou\u0103 decenii dup\u0103 c\u0103derea comunismului, mai mult teoretic\u0103 dec\u00e2t practic\u0103, ne putem permite s\u0103 fim excesiv de \u00eendur\u0103tori vizavi de actorii principali sau secundari ai acestui co\u015fmar sau s\u0103 manifest\u0103m o intransigen\u0163\u0103 de neclintit \u00een condamnarea lor.<\/p>\n<p><a href=\"http:\/\/www.dedes.ro\/wp-content\/uploads\/2011\/05\/03_Afis-Manusi-rosii.jpg\"><img decoding=\"async\" loading=\"lazy\" class=\"alignleft size-medium wp-image-1997\" title=\"03_Afis Manusi rosii\" src=\"http:\/\/www.dedes.ro\/wp-content\/uploads\/2011\/05\/03_Afis-Manusi-rosii-210x300.jpg\" alt=\"\" width=\"147\" height=\"210\" srcset=\"https:\/\/www.dedes.ro\/wp-content\/uploads\/2011\/05\/03_Afis-Manusi-rosii-210x300.jpg 210w, https:\/\/www.dedes.ro\/wp-content\/uploads\/2011\/05\/03_Afis-Manusi-rosii.jpg 420w\" sizes=\"(max-width: 147px) 100vw, 147px\" \/><\/a>Putem s\u0103 c\u0103lc\u0103m \u00een picioare, moral, un om care a colaborat cu regimul, dup\u0103 c\u00e2\u0163iva ani de pu\u015fc\u0103rie \u015fi tortur\u0103, dar nu avem nicio problem\u0103 cu\u00a0 Chireac sau un altul, care, de bun\u0103 voie, s-a dus s\u0103 sifoneze prin paharele de la Ambasada SUA. Nu ne deranjeaz\u0103 foarte tare nici c\u00e2nd vedem l\u00e2ng\u0103 noi un coleg care toarn\u0103 tot la primul \u015fef \u00eent\u00e2lnit \u00een cale \u00een speran\u0163a c\u0103 va c\u0103p\u0103ta o pernu\u0163\u0103 \u00een plus pe scaunul s\u0103u meschin sau m\u0103car 3 lei la salariu, \u0219i din complezen\u021b\u0103 \u00eei mai \u0219i z\u00e2mbim. Personal nu g\u0103sesc nicio scuz\u0103 pentru tr\u0103dare \u0219i colabora\u021bionism, dar \u00eenc\u0103 reu\u0219esc s\u0103 fac distinc\u021bie \u00eentre la\u0219itatea durerii fizice \u0219i mi\u0219elia satisfac\u021biei pecuniare.<\/p>\n<p>Filmul lui Radu Gabrea, &#8222;M\u0103nu\u015fi ro\u015fii&#8221;, vorbe\u015fte cu sinceritate despre dela\u0163iunea rom\u00e2neasc\u0103 \u00een plin stalinism, de mecanismele care reu\u015fesc s\u0103 te aduc\u0103 \u00eentr-o pozi\u0163ie care \u00ee\u0163i va strica somnul pentru toat\u0103 via\u0163a.\u00a0 O privire din acest unghi era absolut necesar\u0103, mai ales c\u00e2nd omul c\u0103zut \u00een p\u0103catul\u00a0 tr\u0103d\u0103rii nu este pus, \u00eenc\u0103 o dat\u0103, cu spatele la zid. Cerul plin de nori al \u00eenchisorii este br\u0103zdat din c\u00e2nd \u00een c\u00e2nd de razele luminoase ale vie\u021bii \u201dcivile\u201d, alternarea fiind binevenit\u0103 pentru a putea s\u0103 \u00ee\u021bi faci o imagine de ansamblu, \u00eenso\u021bit\u0103\u00a0 sonor de un discret cronc\u0103nit de ciori. Lucrurile trebuiesc \u00een\u021belese a\u0219a cum au fost, merit\u0103 s\u0103 te pui doar c\u00e2teva minute \u00een pielea personajului \u0219i s\u0103 \u00ee\u021bi faci o analiz\u0103 sincer\u0103.<\/p>\n<p>La baza peliculei st\u0103 romanul lui Eginald Schlattner, M\u0103nu\u0219ile ro\u0219ii.<\/p>\n<p>PS<\/p>\n<p>Cum nimeni\u00a0 nu m\u0103 \u00eentreab\u0103, m\u0103 simt dator s\u0103 r\u0103spund: filmul mi-a pl\u0103cut \u0219i asta nu doar pentru c\u0103 \u00een urm\u0103 cu 17 ani am v\u0103zut o s\u00e2mb\u0103t\u0103 \u00eentreag\u0103, la cinema Studio,\u00a0 &#8222;Rosenemil-O tragic\u0103 iubire&#8221;.<br \/>\n<strong><strong><\/strong><\/strong><\/p>\n","protected":false},"excerpt":{"rendered":"<p>La dou\u0103 decenii dup\u0103 c\u0103derea comunismului, mai mult teoretic\u0103 dec\u00e2t practic\u0103, ne putem permite s\u0103 fim excesiv de \u00eendur\u0103tori vizavi de actorii principali sau secundari ai acestui co\u015fmar sau s\u0103 manifest\u0103m o intransigen\u0163\u0103 de neclintit \u00een condamnarea lor. Putem s\u0103 c\u0103lc\u0103m \u00een picioare, moral, un om care a colaborat cu regimul, dup\u0103 c\u00e2\u0163iva ani de&#8230;<\/p>\n","protected":false},"author":2,"featured_media":0,"comment_status":"open","ping_status":"open","sticky":false,"template":"","format":"standard","meta":[],"categories":[5],"tags":[],"_links":{"self":[{"href":"https:\/\/www.dedes.ro\/index.php\/wp-json\/wp\/v2\/posts\/1996"}],"collection":[{"href":"https:\/\/www.dedes.ro\/index.php\/wp-json\/wp\/v2\/posts"}],"about":[{"href":"https:\/\/www.dedes.ro\/index.php\/wp-json\/wp\/v2\/types\/post"}],"author":[{"embeddable":true,"href":"https:\/\/www.dedes.ro\/index.php\/wp-json\/wp\/v2\/users\/2"}],"replies":[{"embeddable":true,"href":"https:\/\/www.dedes.ro\/index.php\/wp-json\/wp\/v2\/comments?post=1996"}],"version-history":[{"count":2,"href":"https:\/\/www.dedes.ro\/index.php\/wp-json\/wp\/v2\/posts\/1996\/revisions"}],"predecessor-version":[{"id":1999,"href":"https:\/\/www.dedes.ro\/index.php\/wp-json\/wp\/v2\/posts\/1996\/revisions\/1999"}],"wp:attachment":[{"href":"https:\/\/www.dedes.ro\/index.php\/wp-json\/wp\/v2\/media?parent=1996"}],"wp:term":[{"taxonomy":"category","embeddable":true,"href":"https:\/\/www.dedes.ro\/index.php\/wp-json\/wp\/v2\/categories?post=1996"},{"taxonomy":"post_tag","embeddable":true,"href":"https:\/\/www.dedes.ro\/index.php\/wp-json\/wp\/v2\/tags?post=1996"}],"curies":[{"name":"wp","href":"https:\/\/api.w.org\/{rel}","templated":true}]}}