{"id":2017,"date":"2011-06-06T16:13:04","date_gmt":"2011-06-06T14:13:04","guid":{"rendered":"http:\/\/www.dedes.ro\/?p=2017"},"modified":"2011-06-06T16:13:04","modified_gmt":"2011-06-06T14:13:04","slug":"fructele-maniei","status":"publish","type":"post","link":"https:\/\/www.dedes.ro\/index.php\/2011\/06\/06\/fructele-maniei\/","title":{"rendered":"Fructele m\u00e2niei"},"content":{"rendered":"<p>O trufanda lecturical\u0103 cu puternice tonuri melancolic &#8211; realist &#8211; am\u0103rui: John Steinbeck &#8211; &#8222;Fructele m\u00e2niei&#8221;. Este exact cartea de care aveam nevoie \u00een acest \u00eenceput de iunie, o servesc rece \u015fi \u00een doze mici.<\/p>\n<p>C\u00e2nd simt c\u0103 nu mai am &#8222;gust&#8221; pentru lectur\u0103 am c\u00e2\u0163iva autori pe m\u00e2na c\u0103rora merg la sigur pentru reg\u0103sirea apetitului. Steinbek e printre primii.<\/p>\n<p>Un scurt fragment:<\/p>\n<p><em>\u00cen ziua c\u00eend au plecat oamenii \u015fi c\u00eend pentru prima oar\u0103 a venit seara, pisicile s-au \u00eentors de pe c\u00eemp, unde fuseser\u0103 dup\u0103 v\u00eenat, \u015fi au \u00eenceput s\u0103 miaune \u00een cerdac. Iar dup\u0103 ce au v\u0103zut c\u0103 nimeni nu se arat\u0103, s-au strecurat u\u015for pe u\u015fi au devenit pisici s\u0103lbatice, au v\u00eenat h\u00eerciogi \u015fi \u015foareci de c\u00eemp, \u015fi-au dormit prin \u015fan\u0163uri \u00een timpul zilei. Dup\u0103 ce s-a l\u0103sat seara, liliecii s-au oprit \u00een u\u015f\u0103 d e spaim a lumiii, dar n -a m ai trecu t mult \u015fi-au zv\u00eecnit \u00een\u0103untru, \u015fi-au \u00eenotat \u00een zbor prin od\u0103ile goale, iar dup\u0103 c\u00eet\u0103va vrem e au r\u0103mas ziua \u00een col\u0163urile \u00eentunecate ale camerelor, at\u00eerna\u0163i printre grinzi, cu capetele \u00een jos \u015fi aripile str\u00eense, iar mirosul g\u0103ina\u0163ului lor a n\u0103p\u0103dit casele cele goale. \u015ei \u015foarecii intrar\u0103 \u00een case \u015fi pornir\u0103 s\u0103-\u015fi adune semin\u0163e de buruieni prin col\u0163uri, prin cutii \u015fi-n fundul sertarelor din buc\u0103t\u0103rii. Venir\u0103 pe urm\u0103 \u015fi nev\u0103stuici s\u0103 v\u00eeneze \u015foarecii, iar bufni\u0163ele cafenii zburar\u0103 \u0163ip\u00eend prin case \u015fi pe urm\u0103 iar\u0103\u015fi \u00eenspre c\u00eemp. Veni \u015fi o bur\u0103 de ploaie. Buruienile se \u00een\u0103l\u0163ar\u0103 chiar \u00een fa\u0163a pragului, acolo unde nu le fusese \u00eeng\u0103duit, \u015fi iarba \u00eencepu s\u0103 creasc\u0103 printre sc\u00eendurile cerdacului. Casele erau pustii \u015fi o cas\u0103 pustie repede se n\u0103ruie\u015fte. Pe acoperi\u015furi ap\u0103rur\u0103 plesnituri pornite de la c\u00eete un cui ruginit. Un strat de praf se a\u015fternu pe podele \u015fi doar urmele de \u015foareci, de nev\u0103stuici sau de pisic\u0103 veneau s\u0103-l tulbure. \u00centr-o noapte, v\u00eentul desprinse o \u015findril\u0103 \u015fi-o arunc\u0103 la p\u0103m\u00eent. Suflarea urm\u0103toare se-m piedic\u0103 \u00een gaura din locul unde fusese \u015findrila \u015fi smulse \u00eenc\u0103 trei buc\u0103\u0163i, iar aceea care-i urm\u0103, alte dou\u0103sprezece. Soarele amiezii p\u0103trunse prin sp\u0103rtur\u0103 \u015fi arunc\u0103 pe podele o pat\u0103 str\u0103lucitoare. C\u00eeteodat\u0103 pisicile s\u0103lbaticite mai intrau prin case, dar acu m nu mai mieunau la prag. Se mi\u015fcau asemenea umbrei unui nor pe deasupra lunii \u015fi p\u0103trundeau prin od\u0103i, s\u0103 v\u00eeneze \u015foarecii. Iar \u00een nop\u0163ile v\u00eentoase u\u015file se tr\u00eenteau \u015fi perdelele zdren\u0163uite f\u00eelf\u00eeiau la ferestrele sparte.<\/em><\/p>\n","protected":false},"excerpt":{"rendered":"<p>O trufanda lecturical\u0103 cu puternice tonuri melancolic &#8211; realist &#8211; am\u0103rui: John Steinbeck &#8211; &#8222;Fructele m\u00e2niei&#8221;. Este exact cartea de care aveam nevoie \u00een acest \u00eenceput de iunie, o servesc rece \u015fi \u00een doze mici. C\u00e2nd simt c\u0103 nu mai am &#8222;gust&#8221; pentru lectur\u0103 am c\u00e2\u0163iva autori pe m\u00e2na c\u0103rora merg la sigur pentru reg\u0103sirea&#8230;<\/p>\n","protected":false},"author":2,"featured_media":0,"comment_status":"open","ping_status":"open","sticky":false,"template":"","format":"standard","meta":[],"categories":[5],"tags":[],"_links":{"self":[{"href":"https:\/\/www.dedes.ro\/index.php\/wp-json\/wp\/v2\/posts\/2017"}],"collection":[{"href":"https:\/\/www.dedes.ro\/index.php\/wp-json\/wp\/v2\/posts"}],"about":[{"href":"https:\/\/www.dedes.ro\/index.php\/wp-json\/wp\/v2\/types\/post"}],"author":[{"embeddable":true,"href":"https:\/\/www.dedes.ro\/index.php\/wp-json\/wp\/v2\/users\/2"}],"replies":[{"embeddable":true,"href":"https:\/\/www.dedes.ro\/index.php\/wp-json\/wp\/v2\/comments?post=2017"}],"version-history":[{"count":1,"href":"https:\/\/www.dedes.ro\/index.php\/wp-json\/wp\/v2\/posts\/2017\/revisions"}],"predecessor-version":[{"id":2018,"href":"https:\/\/www.dedes.ro\/index.php\/wp-json\/wp\/v2\/posts\/2017\/revisions\/2018"}],"wp:attachment":[{"href":"https:\/\/www.dedes.ro\/index.php\/wp-json\/wp\/v2\/media?parent=2017"}],"wp:term":[{"taxonomy":"category","embeddable":true,"href":"https:\/\/www.dedes.ro\/index.php\/wp-json\/wp\/v2\/categories?post=2017"},{"taxonomy":"post_tag","embeddable":true,"href":"https:\/\/www.dedes.ro\/index.php\/wp-json\/wp\/v2\/tags?post=2017"}],"curies":[{"name":"wp","href":"https:\/\/api.w.org\/{rel}","templated":true}]}}