{"id":2262,"date":"2011-10-24T13:13:55","date_gmt":"2011-10-24T11:13:55","guid":{"rendered":"http:\/\/www.dedes.ro\/?p=2262"},"modified":"2011-10-24T13:13:55","modified_gmt":"2011-10-24T11:13:55","slug":"gust","status":"publish","type":"post","link":"https:\/\/www.dedes.ro\/index.php\/2011\/10\/24\/gust\/","title":{"rendered":"Gust"},"content":{"rendered":"<p>Nu de pu\u021bine ori am auzit oameni spun\u00e2nd despre o m\u00e2ncare sau b\u0103utur\u0103 c\u0103: \u201dAre gust de rahat\u201d, fiind evident c\u0103 nu se refer\u0103 la celebrul produs de cofet\u0103rie. De fiecare dat\u0103 m\u0103 g\u00e2ndeam c\u0103 \u00een spatele acestei replici st\u0103 o experien\u021b\u0103 personal\u0103 vast\u0103. \u00cen ciuda meseriei pe care o practic, am avut norocul s\u0103 nu pot vorbi despre acest gust \u00een cuno\u0219tin\u021b\u0103 de cauz\u0103. De ieri lucrurile stau altfel. A fost nevoie s\u0103 deschid doar dou\u0103 u\u0219i pentru a \u0219ti \u0219i eu despre ce e vorba. Ca orice om anormal al zilelor noastre, duminic\u0103 pe \u00eenserat, ascultam teatrul radiofonic, \u00een buc\u0103t\u0103rie, la Radio Rom\u00e2nia Cultural. \u201dSteaua f\u0103r\u0103 nume\u201d, piesa lui Mihail Sebastian, cu Radu Beligan \u00een rolul principal, \u00eemi captase toat\u0103 aten\u021bia, dar ca orice om \u0219i eu sunt sortit gre\u0219elii. Am p\u0103r\u0103sit pentru un singur minut buc\u0103t\u0103ria pentru a lua un mic briceag, \u0219i brusc am sim\u021bit nu doar un gust de rahat, ci am avut senza\u021bia c\u0103 am primit direct \u00een fa\u021b\u0103 o g\u0103leat\u0103 plin\u0103 cu un astfel de produs. R\u0103mas nesupravegheat, restul familiei av\u00e2nd alte preocup\u0103ri, televizorul rula cu o vitez\u0103 mult peste limit\u0103 pe Prima TV, unde dou\u0103 mega vedete autohtone, Bursuc \u0219i Vijelie, \u00eenfulecau ca la final de lume emi\u021b\u00e2nd sunete pretins inteligente, \u00eentre dou\u0103 h\u0103lci de pastram\u0103 \u0219i un mujdei bine echilibrat la PH.<\/p>\n<p>Gre\u021bos gust, greu de \u00eendep\u0103rtat.<\/p>\n","protected":false},"excerpt":{"rendered":"<p>Nu de pu\u021bine ori am auzit oameni spun\u00e2nd despre o m\u00e2ncare sau b\u0103utur\u0103 c\u0103: \u201dAre gust de rahat\u201d, fiind evident c\u0103 nu se refer\u0103 la celebrul produs de cofet\u0103rie. De fiecare dat\u0103 m\u0103 g\u00e2ndeam c\u0103 \u00een spatele acestei replici st\u0103 o experien\u021b\u0103 personal\u0103 vast\u0103. \u00cen ciuda meseriei pe care o practic, am avut norocul s\u0103&#8230;<\/p>\n","protected":false},"author":2,"featured_media":0,"comment_status":"open","ping_status":"open","sticky":false,"template":"","format":"standard","meta":[],"categories":[5],"tags":[],"_links":{"self":[{"href":"https:\/\/www.dedes.ro\/index.php\/wp-json\/wp\/v2\/posts\/2262"}],"collection":[{"href":"https:\/\/www.dedes.ro\/index.php\/wp-json\/wp\/v2\/posts"}],"about":[{"href":"https:\/\/www.dedes.ro\/index.php\/wp-json\/wp\/v2\/types\/post"}],"author":[{"embeddable":true,"href":"https:\/\/www.dedes.ro\/index.php\/wp-json\/wp\/v2\/users\/2"}],"replies":[{"embeddable":true,"href":"https:\/\/www.dedes.ro\/index.php\/wp-json\/wp\/v2\/comments?post=2262"}],"version-history":[{"count":1,"href":"https:\/\/www.dedes.ro\/index.php\/wp-json\/wp\/v2\/posts\/2262\/revisions"}],"predecessor-version":[{"id":2263,"href":"https:\/\/www.dedes.ro\/index.php\/wp-json\/wp\/v2\/posts\/2262\/revisions\/2263"}],"wp:attachment":[{"href":"https:\/\/www.dedes.ro\/index.php\/wp-json\/wp\/v2\/media?parent=2262"}],"wp:term":[{"taxonomy":"category","embeddable":true,"href":"https:\/\/www.dedes.ro\/index.php\/wp-json\/wp\/v2\/categories?post=2262"},{"taxonomy":"post_tag","embeddable":true,"href":"https:\/\/www.dedes.ro\/index.php\/wp-json\/wp\/v2\/tags?post=2262"}],"curies":[{"name":"wp","href":"https:\/\/api.w.org\/{rel}","templated":true}]}}