{"id":2428,"date":"2012-02-02T08:52:16","date_gmt":"2012-02-02T06:52:16","guid":{"rendered":"http:\/\/www.dedes.ro\/?p=2428"},"modified":"2012-02-02T08:52:16","modified_gmt":"2012-02-02T06:52:16","slug":"viitor-de-aur","status":"publish","type":"post","link":"https:\/\/www.dedes.ro\/index.php\/2012\/02\/02\/viitor-de-aur\/","title":{"rendered":"Viitor de aur"},"content":{"rendered":"<p>Din lirica ziarului Bursa:<\/p>\n<p>&#8222;Blana ursului din p\u0103dure este marfa care se g\u0103se\u015fte cel mai u\u015for la noi  \u00een \u0163ar\u0103. Mul\u0163i o au \u015fi sunt dispu\u015fi s\u0103 \u0163i-o v\u00e2nd\u0103 pentru un pre\u0163 corect  din punctul lor de vedere. Este o chestiune de tradi\u0163ie, de munc\u0103  neos-toit\u0103 vreme de peste 60 de ani a claselor conduc\u0103toare. Obi\u015fnui\u0163i  cu aceast\u0103 stare de fapt ne vine mai u\u015for s\u0103 tr\u0103im, a\u015fa cum ni se  propune, \u00een viitor, mai ales c\u0103 acesta este un timp \u00een care nu sim\u0163i  nici foamea, nici frigul \u015fi nici s\u0103r\u0103cia. Bine orientat\u0103, clasa politic\u0103  autohton\u0103 folose\u015fte prezentul pentru interesul personal \u015fi viitorul  c\u00e2nd vine vorba de interesul public. Trecutul nu poate fi pus \u00een  discu\u0163ie, con\u0163ine fapte concrete care pot fi u\u015for transformate \u00een capete  de acuzare. Din punctul de vedere al maselor, trecutul con\u0163ine prea  multe priva\u0163iuni, prea multe erori, prea mul\u0163i ani pierdu\u0163i f\u0103r\u0103 niciun  folos. Pentru to\u0163i, indiferent de pozi\u0163ie, exist\u0103 \u015fi un punct luminos \u00een  trecut, de care nimeni nu e &#8222;vinovat&#8221;, exact ca \u00eentr-un banc celebru \u00een  care un b\u0103tr\u00e2n spunea oricui mai avea timp s\u0103-l asculte, c\u00e2t de bine  era \u00een perioada lui Stalin, unicul s\u0103u argument fiind acela c\u0103 \u00een  respectivele timpuri era t\u00e2n\u0103r.<br \/>\nDe la cele mai \u00eenalte tribune europene, pre\u015fedintele \u0163\u0103rii ne  anun\u0163\u0103, pe un ton p\u0103rintesc-dojenitor: &#8222;\u00cen 50 de ani, cu aceast\u0103 datorie  ne putem dezvolta extrem de frumos rostogolind-o&#8221;. \u00cen plus ne  avertizeaz\u0103 s\u0103 avem grij\u0103 \u015fi ce l\u0103s\u0103m copiilor, &#8222;o datorie sau o cas\u0103&#8221;.  \u00cen ceea ce ne prive\u015fte, interpret\u00e2nd totul la modul personal, pentru c\u0103  de generalita\u0163i statistice suntem s\u0103tui, lucrurile sunt clare, \u015ftim ce  l\u0103s\u0103m, \u00een ceea ce \u00eei prive\u015fte pe ei, conduc\u0103tori, e la fel de l\u0103murit\u0103  situa\u0163ia, at\u00e2t c\u0103 nu e vorba de cas\u0103 ci de case. Premierul e \u015fi el  precis \u00een exprimare c\u00e2nd spune c\u0103 deocamdat\u0103 nu sunt bani pentru  suplimentarea salariilor \u015fi pensiilor rahitice. Poate \u00een viitor. Nu  exist\u0103 &#8222;genera\u0163ie de sacrificiu&#8221; care s\u0103 nu aib\u0103 p\u00e2ntecele bombate  (precum copiii subnutri\u0163i din \u0163\u0103rile lumii a treia ) de la consumul  excesiv de &#8222;viitor&#8221;, aliment care umple pe moment stomacul dar care nu  asigur\u0103 necesarul de proteine, lipide, glucide \u015fi vitamine, elemente  vitale pentru o bun\u0103 func-\u0163ionare a organismului. C\u00e2nd e\u015fti trecut de  adolescen\u0163\u0103 \u015fi afli c\u0103 peste 50 de ani, c\u00e2nd vei fi trecut \u015fi de a treia  tinere\u0163e, \u0163ara va fi frumos dezvoltat\u0103, parc\u0103 adormi mult mai lini\u015ftit.  Statul lucreaz\u0103 pentru tine. Sloganul e al unui fost fond de  investi\u0163ii, dar merge \u015fi \u00een acest caz, efectele pe termen lung probabil  sunt acelea\u015fi.&#8221;<\/p>\n<p>&#8230;.<\/p>\n<p>continuarea <a href=\"http:\/\/www.bursa.ro\/putin-trecut-prezent-deloc-si-mult-viitor-156857&amp;s=omul_sminteste_locul&amp;articol=156857.html\" target=\"_blank\">aici.<\/a><\/p>\n","protected":false},"excerpt":{"rendered":"<p>Din lirica ziarului Bursa: &#8222;Blana ursului din p\u0103dure este marfa care se g\u0103se\u015fte cel mai u\u015for la noi \u00een \u0163ar\u0103. Mul\u0163i o au \u015fi sunt dispu\u015fi s\u0103 \u0163i-o v\u00e2nd\u0103 pentru un pre\u0163 corect din punctul lor de vedere. Este o chestiune de tradi\u0163ie, de munc\u0103 neos-toit\u0103 vreme de peste 60 de ani a claselor conduc\u0103toare&#8230;.<\/p>\n","protected":false},"author":2,"featured_media":0,"comment_status":"open","ping_status":"open","sticky":false,"template":"","format":"standard","meta":[],"categories":[5],"tags":[],"_links":{"self":[{"href":"https:\/\/www.dedes.ro\/index.php\/wp-json\/wp\/v2\/posts\/2428"}],"collection":[{"href":"https:\/\/www.dedes.ro\/index.php\/wp-json\/wp\/v2\/posts"}],"about":[{"href":"https:\/\/www.dedes.ro\/index.php\/wp-json\/wp\/v2\/types\/post"}],"author":[{"embeddable":true,"href":"https:\/\/www.dedes.ro\/index.php\/wp-json\/wp\/v2\/users\/2"}],"replies":[{"embeddable":true,"href":"https:\/\/www.dedes.ro\/index.php\/wp-json\/wp\/v2\/comments?post=2428"}],"version-history":[{"count":1,"href":"https:\/\/www.dedes.ro\/index.php\/wp-json\/wp\/v2\/posts\/2428\/revisions"}],"predecessor-version":[{"id":2429,"href":"https:\/\/www.dedes.ro\/index.php\/wp-json\/wp\/v2\/posts\/2428\/revisions\/2429"}],"wp:attachment":[{"href":"https:\/\/www.dedes.ro\/index.php\/wp-json\/wp\/v2\/media?parent=2428"}],"wp:term":[{"taxonomy":"category","embeddable":true,"href":"https:\/\/www.dedes.ro\/index.php\/wp-json\/wp\/v2\/categories?post=2428"},{"taxonomy":"post_tag","embeddable":true,"href":"https:\/\/www.dedes.ro\/index.php\/wp-json\/wp\/v2\/tags?post=2428"}],"curies":[{"name":"wp","href":"https:\/\/api.w.org\/{rel}","templated":true}]}}