{"id":2522,"date":"2012-04-06T14:23:05","date_gmt":"2012-04-06T12:23:05","guid":{"rendered":"http:\/\/www.dedes.ro\/?p=2522"},"modified":"2012-04-06T14:24:46","modified_gmt":"2012-04-06T12:24:46","slug":"valuri-de-credinta","status":"publish","type":"post","link":"https:\/\/www.dedes.ro\/index.php\/2012\/04\/06\/valuri-de-credinta\/","title":{"rendered":"Valuri de credin\u0163\u0103"},"content":{"rendered":"<p>Milioane de rom\u00e2ni \u00ee\u015fi vor aduce aminte \u00een urm\u0103toarele zile c\u0103 sunt cre\u015ftini. Acest lucru mi-a reamintit de o scurt\u0103 istorioar\u0103 citit\u0103 \u00een revista \u201eLumea Credin\u0163ei\u201d pe care \u00eencerc s\u0103 o redau c\u00e2t mai fidel. Un domn ajunge al\u0103turi de preotul din parohia sa la M\u00e2n\u0103stirea S\u00e2mb\u0103ta de Sus, la p\u0103rintele Teofil P\u00e2r\u00e2ian, unde inten\u0163ioneaz\u0103 s\u0103 se spovedeasc\u0103. \u00cen prealabil \u00eei spusese preotului c\u0103 \u00eei este ru\u015fine de acesta s\u0103-i m\u0103rturiseasc\u0103 ce are pe suflet \u015fi tocmai de aceea au decis s\u0103 mearg\u0103 la S\u00e2mb\u0103ta. Ajun\u015fi acolo, dup\u0103 o scurt\u0103 discu\u0163ie \u00eentre patru ochi, p\u0103rintele Teofil \u00eel anun\u0163\u0103 pe preot c\u0103 nu poate s\u0103-l spovedeasc\u0103 pe cel care \u00eel \u00eenso\u0163e\u015fte, de\u015fi omul era botezat \u015fi se considera cre\u015ftin. Misterul a fost l\u0103murit de domnul ap\u0103sat de p\u0103cate.<\/p>\n<p>\u201eP\u0103rintele mi-a pus cinci \u00eentreb\u0103ri\u201d:<\/p>\n<p>-Te rogi \u00een fiecare zi?<\/p>\n<p>&#8211; Nu chiar.<\/p>\n<p>-Din Noul Testament cite\u015fti?<\/p>\n<p>&#8211; Rar.<\/p>\n<p>-Poste\u015fti de dou\u0103 ori pe s\u0103pt\u0103m\u00e2n\u0103, miercurea \u015fi vinerea?<\/p>\n<p>-Nu.<\/p>\n<p>-Duminica mergi la Sf\u00e2nta Liturghie?<\/p>\n<p>-Nu prea<\/p>\n<p>-Milostenie faci?<\/p>\n<p>-Nu.<\/p>\n<p>\u201eAtunci mi-a zis c\u0103 \u00eei pare r\u0103u, dar nu m\u0103 poate spovedi pentru c\u0103 nu sunt cre\u015ftin\u201d.<\/p>\n","protected":false},"excerpt":{"rendered":"<p>Milioane de rom\u00e2ni \u00ee\u015fi vor aduce aminte \u00een urm\u0103toarele zile c\u0103 sunt cre\u015ftini. Acest lucru mi-a reamintit de o scurt\u0103 istorioar\u0103 citit\u0103 \u00een revista \u201eLumea Credin\u0163ei\u201d pe care \u00eencerc s\u0103 o redau c\u00e2t mai fidel. Un domn ajunge al\u0103turi de preotul din parohia sa la M\u00e2n\u0103stirea S\u00e2mb\u0103ta de Sus, la p\u0103rintele Teofil P\u00e2r\u00e2ian, unde inten\u0163ioneaz\u0103&#8230;<\/p>\n","protected":false},"author":2,"featured_media":0,"comment_status":"open","ping_status":"open","sticky":false,"template":"","format":"standard","meta":[],"categories":[5],"tags":[],"_links":{"self":[{"href":"https:\/\/www.dedes.ro\/index.php\/wp-json\/wp\/v2\/posts\/2522"}],"collection":[{"href":"https:\/\/www.dedes.ro\/index.php\/wp-json\/wp\/v2\/posts"}],"about":[{"href":"https:\/\/www.dedes.ro\/index.php\/wp-json\/wp\/v2\/types\/post"}],"author":[{"embeddable":true,"href":"https:\/\/www.dedes.ro\/index.php\/wp-json\/wp\/v2\/users\/2"}],"replies":[{"embeddable":true,"href":"https:\/\/www.dedes.ro\/index.php\/wp-json\/wp\/v2\/comments?post=2522"}],"version-history":[{"count":3,"href":"https:\/\/www.dedes.ro\/index.php\/wp-json\/wp\/v2\/posts\/2522\/revisions"}],"predecessor-version":[{"id":2525,"href":"https:\/\/www.dedes.ro\/index.php\/wp-json\/wp\/v2\/posts\/2522\/revisions\/2525"}],"wp:attachment":[{"href":"https:\/\/www.dedes.ro\/index.php\/wp-json\/wp\/v2\/media?parent=2522"}],"wp:term":[{"taxonomy":"category","embeddable":true,"href":"https:\/\/www.dedes.ro\/index.php\/wp-json\/wp\/v2\/categories?post=2522"},{"taxonomy":"post_tag","embeddable":true,"href":"https:\/\/www.dedes.ro\/index.php\/wp-json\/wp\/v2\/tags?post=2522"}],"curies":[{"name":"wp","href":"https:\/\/api.w.org\/{rel}","templated":true}]}}