{"id":2578,"date":"2012-05-15T10:30:36","date_gmt":"2012-05-15T08:30:36","guid":{"rendered":"http:\/\/www.dedes.ro\/?p=2578"},"modified":"2012-05-15T10:32:19","modified_gmt":"2012-05-15T08:32:19","slug":"alb-negru-2","status":"publish","type":"post","link":"https:\/\/www.dedes.ro\/index.php\/2012\/05\/15\/alb-negru-2\/","title":{"rendered":"Alb negru"},"content":{"rendered":"<p><a href=\"http:\/\/www.dedes.ro\/wp-content\/uploads\/2012\/05\/dede2.jpg\"><img decoding=\"async\" loading=\"lazy\" class=\"alignleft size-medium wp-image-2579\" title=\"dede2\" src=\"http:\/\/www.dedes.ro\/wp-content\/uploads\/2012\/05\/dede2-300x278.jpg\" alt=\"\" width=\"210\" height=\"195\" srcset=\"https:\/\/www.dedes.ro\/wp-content\/uploads\/2012\/05\/dede2-300x278.jpg 300w, https:\/\/www.dedes.ro\/wp-content\/uploads\/2012\/05\/dede2-1024x950.jpg 1024w, https:\/\/www.dedes.ro\/wp-content\/uploads\/2012\/05\/dede2.jpg 1075w\" sizes=\"(max-width: 210px) 100vw, 210px\" \/><\/a><\/p>\n<p>\u0162in minte c\u0103 aceast\u0103 fotografie era mult mai clar\u0103 \u00een urm\u0103 cu ceva ani.<\/p>\n<p>Nu \u015ftiu ce alchimie se produce, dar \u00eentregul proces ac\u0163ioneaz\u0103 la fel ca \u00een cazul amintirilor din prima tinere\u0163e.<\/p>\n<p>Cadrul general r\u0103m\u00e2ne, dar am\u0103nuntele se pierd \u00eentr-o cea\u0163\u0103 a nostalgiei, care \u00ee\u0163i permite s\u0103 \u00eenfrumuse\u0163ezi at\u00e2t c\u00e2t te las\u0103 sufletul.<\/p>\n","protected":false},"excerpt":{"rendered":"<p>\u0162in minte c\u0103 aceast\u0103 fotografie era mult mai clar\u0103 \u00een urm\u0103 cu ceva ani. Nu \u015ftiu ce alchimie se produce, dar \u00eentregul proces ac\u0163ioneaz\u0103 la fel ca \u00een cazul amintirilor din prima tinere\u0163e. Cadrul general r\u0103m\u00e2ne, dar am\u0103nuntele se pierd \u00eentr-o cea\u0163\u0103 a nostalgiei, care \u00ee\u0163i permite s\u0103 \u00eenfrumuse\u0163ezi at\u00e2t c\u00e2t te las\u0103 sufletul.<\/p>\n","protected":false},"author":2,"featured_media":0,"comment_status":"open","ping_status":"open","sticky":false,"template":"","format":"standard","meta":[],"categories":[1],"tags":[],"_links":{"self":[{"href":"https:\/\/www.dedes.ro\/index.php\/wp-json\/wp\/v2\/posts\/2578"}],"collection":[{"href":"https:\/\/www.dedes.ro\/index.php\/wp-json\/wp\/v2\/posts"}],"about":[{"href":"https:\/\/www.dedes.ro\/index.php\/wp-json\/wp\/v2\/types\/post"}],"author":[{"embeddable":true,"href":"https:\/\/www.dedes.ro\/index.php\/wp-json\/wp\/v2\/users\/2"}],"replies":[{"embeddable":true,"href":"https:\/\/www.dedes.ro\/index.php\/wp-json\/wp\/v2\/comments?post=2578"}],"version-history":[{"count":3,"href":"https:\/\/www.dedes.ro\/index.php\/wp-json\/wp\/v2\/posts\/2578\/revisions"}],"predecessor-version":[{"id":2582,"href":"https:\/\/www.dedes.ro\/index.php\/wp-json\/wp\/v2\/posts\/2578\/revisions\/2582"}],"wp:attachment":[{"href":"https:\/\/www.dedes.ro\/index.php\/wp-json\/wp\/v2\/media?parent=2578"}],"wp:term":[{"taxonomy":"category","embeddable":true,"href":"https:\/\/www.dedes.ro\/index.php\/wp-json\/wp\/v2\/categories?post=2578"},{"taxonomy":"post_tag","embeddable":true,"href":"https:\/\/www.dedes.ro\/index.php\/wp-json\/wp\/v2\/tags?post=2578"}],"curies":[{"name":"wp","href":"https:\/\/api.w.org\/{rel}","templated":true}]}}