{"id":2593,"date":"2012-05-24T10:18:22","date_gmt":"2012-05-24T08:18:22","guid":{"rendered":"http:\/\/www.dedes.ro\/?p=2593"},"modified":"2012-06-14T09:32:37","modified_gmt":"2012-06-14T07:32:37","slug":"macondo-varteju-si-ploaia","status":"publish","type":"post","link":"https:\/\/www.dedes.ro\/index.php\/2012\/05\/24\/macondo-varteju-si-ploaia\/","title":{"rendered":"Macondo, V\u00e2rteju \u015fi ploaia"},"content":{"rendered":"<p><img decoding=\"async\" loading=\"lazy\" class=\"alignleft size-medium wp-image-2594\" title=\"FotoFlexer_Photo\" src=\"http:\/\/www.dedes.ro\/wp-content\/uploads\/2012\/05\/FotoFlexer_Photo1-289x300.jpg\" alt=\"\" width=\"289\" height=\"300\" srcset=\"https:\/\/www.dedes.ro\/wp-content\/uploads\/2012\/05\/FotoFlexer_Photo1-289x300.jpg 289w, https:\/\/www.dedes.ro\/wp-content\/uploads\/2012\/05\/FotoFlexer_Photo1.jpg 768w\" sizes=\"(max-width: 289px) 100vw, 289px\" \/><\/p>\n<p>\u00cen urm\u0103 cu 18 zile i-am f\u0103cut o vizit\u0103 amicului Pantacruel la mo\u015fia din V\u00e2rteju. La intrarea \u00een cas\u0103, pe o grind\u0103 solid\u0103, st\u0103tea scris &#8216;<em>\u042f\u0441\u043d\u0430\u044f \u041f\u043e\u043b\u044f\u043d\u0430 &amp; Macondo<\/em>&#8216;, autorul lucr\u0103rii fiind chiar Panta, care din c\u00e2te v\u0103d<a href=\"http:\/\/www.pantacruel.blogspot.com\/2012\/05\/mai-bine-baraganean-decat-barranquillan.html\" target=\"_blank\"> e con\u015ftient <\/a>c\u0103 a deschis o cutie a Pandorei. Nu dup\u0103 mult timp a \u00eenceput s\u0103 plou\u0103 \u015fi din c\u00e2te se pare nu se va opri prea cur\u00e2nd. De atunci m\u0103 b\u00e2ntuie o buc\u0103\u0163ic\u0103 de text:<span style=\"line-height: 115%;\">&#8222;A PLOUAT PATRU ANI, UNSPREZECE LUNI \u015fi patru zile. Au fost epoci \u00een care picura numai, \u015fi toat\u0103 lumea \u00ee\u015fi \u00eembr\u0103ca hainele de s\u0103rb\u0103toare \u015fi lua un aer de convalescen\u0163\u0103 pentru a s\u0103rb\u0103tori \u00eenseninarea, \u00eens\u0103 foarte cur\u00e2nd se obi\u015fnuir\u0103 s\u0103 nu mai vad\u0103 \u00een aceste pauze dec\u00e2t semnele unei nemiloase recrudescen\u0163e.<!--more--> Cerul se de\u015ferta \u00een vijelii pustiitoare \u015fi dinspre miaz\u0103noapte se n\u0103pusteau uraganele care smulser\u0103 acoperi\u015furi, d\u0103r\u00e2mar\u0103 ziduri \u015fi dezr\u0103d\u0103cinar\u0103 ultimele trunchiuri ale planta\u0163iei. La fel ca odinioar\u0103 \u00een timpul ciumei nesomnului, de care Ursula \u00ee\u015fi aminti \u00eencursul acestor zile, flagelul \u00eensu\u015fi avea s\u0103 n\u0103scoceasc\u0103 mijloacele de ap\u0103rare \u00eempotriva plictiselii.&#8221; (Gabriel Garcia Marquez \/ Un veac de singuratate)<\/span><\/p>\n<p class=\"MsoNormal\"><span style=\"mso-bidi-font-size: 14.0pt; line-height: 115%;\">A\u015fa st\u00e2nd lucrurile, sper ca \u00een 2017 s\u0103 prind 5 zile de soare pentru un mic concediu pe litoral.<\/span><\/p>\n","protected":false},"excerpt":{"rendered":"<p>\u00cen urm\u0103 cu 18 zile i-am f\u0103cut o vizit\u0103 amicului Pantacruel la mo\u015fia din V\u00e2rteju. La intrarea \u00een cas\u0103, pe o grind\u0103 solid\u0103, st\u0103tea scris &#8216;\u042f\u0441\u043d\u0430\u044f \u041f\u043e\u043b\u044f\u043d\u0430 &amp; Macondo&#8216;, autorul lucr\u0103rii fiind chiar Panta, care din c\u00e2te v\u0103d e con\u015ftient c\u0103 a deschis o cutie a Pandorei. Nu dup\u0103 mult timp a \u00eenceput s\u0103 plou\u0103&#8230;<\/p>\n","protected":false},"author":2,"featured_media":0,"comment_status":"open","ping_status":"open","sticky":false,"template":"","format":"standard","meta":[],"categories":[5],"tags":[],"_links":{"self":[{"href":"https:\/\/www.dedes.ro\/index.php\/wp-json\/wp\/v2\/posts\/2593"}],"collection":[{"href":"https:\/\/www.dedes.ro\/index.php\/wp-json\/wp\/v2\/posts"}],"about":[{"href":"https:\/\/www.dedes.ro\/index.php\/wp-json\/wp\/v2\/types\/post"}],"author":[{"embeddable":true,"href":"https:\/\/www.dedes.ro\/index.php\/wp-json\/wp\/v2\/users\/2"}],"replies":[{"embeddable":true,"href":"https:\/\/www.dedes.ro\/index.php\/wp-json\/wp\/v2\/comments?post=2593"}],"version-history":[{"count":5,"href":"https:\/\/www.dedes.ro\/index.php\/wp-json\/wp\/v2\/posts\/2593\/revisions"}],"predecessor-version":[{"id":2632,"href":"https:\/\/www.dedes.ro\/index.php\/wp-json\/wp\/v2\/posts\/2593\/revisions\/2632"}],"wp:attachment":[{"href":"https:\/\/www.dedes.ro\/index.php\/wp-json\/wp\/v2\/media?parent=2593"}],"wp:term":[{"taxonomy":"category","embeddable":true,"href":"https:\/\/www.dedes.ro\/index.php\/wp-json\/wp\/v2\/categories?post=2593"},{"taxonomy":"post_tag","embeddable":true,"href":"https:\/\/www.dedes.ro\/index.php\/wp-json\/wp\/v2\/tags?post=2593"}],"curies":[{"name":"wp","href":"https:\/\/api.w.org\/{rel}","templated":true}]}}