{"id":2614,"date":"2012-06-10T11:12:07","date_gmt":"2012-06-10T09:12:07","guid":{"rendered":"http:\/\/www.dedes.ro\/?p=2614"},"modified":"2012-06-14T09:31:00","modified_gmt":"2012-06-14T07:31:00","slug":"poezie-vs-geometrie","status":"publish","type":"post","link":"https:\/\/www.dedes.ro\/index.php\/2012\/06\/10\/poezie-vs-geometrie\/","title":{"rendered":"Poezie vs. geometrie"},"content":{"rendered":"<p>Z\u00e2na surprizelor s-a deplasat \u00een Ucraina \u00eenc\u0103 din a doua zi a turneului. Z\u00e2na, z\u00e2n\u0103, nu fosta z\u00e2n\u0103 de la TVR, fost\u0103 vedet\u0103. Facem precizarea asta ca s\u0103 nu sar\u0103 din fotolii paparazzi tabloidelor dornice de divor\u0163uri la drum de sear\u0103. Regii frec\u0103rii balonului la nesf\u00e2r\u015fit, poe\u0163ii pasei \u00eencruci\u015fate,olandezii s-au plecat \u00een fa\u0163a ultra-eficien\u0163ilor danezi, care pot r\u0103sturna c\u0103ru\u0163e mari \u015fi dup\u0103 o preg\u0103tire normal\u0103, nu doar c\u00e2nd sunt str\u00e2n\u015fi cu arcanul de pe plaje, ca \u00een urm\u0103 cu 20 de ani. Selec\u0163ionerul portocaliu, la final avea culoarea asta \u015fi pe fa\u0163\u0103, Bert van Marwijk, a terminat meciul dup\u0103 modelul Hagi de la barajul cu Slovenia, c\u00e2nd s-a t\u0103iat filmul fotbalului rom\u00e2nesc, cu 5 atacan\u0163i \u00een buza careului \u015fi cu o disperare demn\u0103 de o cauz\u0103 mai bun\u0103. <!--more-->Cum doar din preludiu nu se concep copii, nici \u00een urma combina\u0163iilor nesf\u00e2r\u015fite pe latul terenului nu apar goluri. Ca sa fim cinsti\u0163i p\u00e2n\u0103 la cap\u0103t, trebuie s\u0103 preciz\u0103m c\u0103 \u00eenving\u0103torii, cu voie de la brigada de arbitrii, au jucat o combina\u0163ie inedit\u0103 de fotbal-handbal, cu multiple hen\u0163uri \u00een propriul careu.<\/p>\n<p><a href=\"http:\/\/www.bursa.ro\/euro2012\/&amp;articol_ce2012=171516.html\" target=\"_blank\">&#8230;&#8230;<\/a><\/p>\n","protected":false},"excerpt":{"rendered":"<p>Z\u00e2na surprizelor s-a deplasat \u00een Ucraina \u00eenc\u0103 din a doua zi a turneului. Z\u00e2na, z\u00e2n\u0103, nu fosta z\u00e2n\u0103 de la TVR, fost\u0103 vedet\u0103. Facem precizarea asta ca s\u0103 nu sar\u0103 din fotolii paparazzi tabloidelor dornice de divor\u0163uri la drum de sear\u0103. Regii frec\u0103rii balonului la nesf\u00e2r\u015fit, poe\u0163ii pasei \u00eencruci\u015fate,olandezii s-au plecat \u00een fa\u0163a ultra-eficien\u0163ilor danezi,&#8230;<\/p>\n","protected":false},"author":2,"featured_media":0,"comment_status":"open","ping_status":"open","sticky":false,"template":"","format":"standard","meta":[],"categories":[5],"tags":[],"_links":{"self":[{"href":"https:\/\/www.dedes.ro\/index.php\/wp-json\/wp\/v2\/posts\/2614"}],"collection":[{"href":"https:\/\/www.dedes.ro\/index.php\/wp-json\/wp\/v2\/posts"}],"about":[{"href":"https:\/\/www.dedes.ro\/index.php\/wp-json\/wp\/v2\/types\/post"}],"author":[{"embeddable":true,"href":"https:\/\/www.dedes.ro\/index.php\/wp-json\/wp\/v2\/users\/2"}],"replies":[{"embeddable":true,"href":"https:\/\/www.dedes.ro\/index.php\/wp-json\/wp\/v2\/comments?post=2614"}],"version-history":[{"count":2,"href":"https:\/\/www.dedes.ro\/index.php\/wp-json\/wp\/v2\/posts\/2614\/revisions"}],"predecessor-version":[{"id":2628,"href":"https:\/\/www.dedes.ro\/index.php\/wp-json\/wp\/v2\/posts\/2614\/revisions\/2628"}],"wp:attachment":[{"href":"https:\/\/www.dedes.ro\/index.php\/wp-json\/wp\/v2\/media?parent=2614"}],"wp:term":[{"taxonomy":"category","embeddable":true,"href":"https:\/\/www.dedes.ro\/index.php\/wp-json\/wp\/v2\/categories?post=2614"},{"taxonomy":"post_tag","embeddable":true,"href":"https:\/\/www.dedes.ro\/index.php\/wp-json\/wp\/v2\/tags?post=2614"}],"curies":[{"name":"wp","href":"https:\/\/api.w.org\/{rel}","templated":true}]}}