{"id":3091,"date":"2013-07-30T12:57:04","date_gmt":"2013-07-30T10:57:04","guid":{"rendered":"http:\/\/www.dedes.ro\/?p=3091"},"modified":"2013-07-30T13:00:15","modified_gmt":"2013-07-30T11:00:15","slug":"bicicleta-albastra","status":"publish","type":"post","link":"https:\/\/www.dedes.ro\/index.php\/2013\/07\/30\/bicicleta-albastra\/","title":{"rendered":"Bicicleta albastr\u0103"},"content":{"rendered":"<p><a href=\"http:\/\/www.dedes.ro\/wp-content\/uploads\/2013\/07\/bike.jpeg\"><img decoding=\"async\" loading=\"lazy\" class=\"alignleft size-full wp-image-3092\" title=\"bike\" src=\"http:\/\/www.dedes.ro\/wp-content\/uploads\/2013\/07\/bike.jpeg\" alt=\"\" width=\"180\" height=\"135\" \/><\/a>Dup\u0103 o pauz\u0103 de aproape 15 ani, am revenit pe biciclet\u0103. Ce a provocat acest de\u015fert de nepedalare? E complicat de spus, cert este c\u0103 la un moment dat \u015fi s\u0103 fi vrut nu mai aveam pe ce s\u0103 \u00eencalec, bicicleta care m\u0103 facuse celebru \u00een satele din zona Arge\u015f &#8211; Neajlov fusese donat\u0103 f\u0103r\u0103 \u015ftirea mea. Beneficiind \u015fi eu la r\u00e2ndul meu de o dona\u0163ie am redevenit biciclist activ, dup\u0103 mai multe sezoane de pasivitate \u00een care doar \u00a0am contemplat tururile Fran\u0163ei, Italiei, Spaniei, Poloniei.<\/p>\n<p>\u00cen prim\u0103 faz\u0103 am pedalat prin locurile natale, dup\u0103 care am revenit \u00een Bucure\u015fti cu tot cu biciclet\u0103. O premier\u0103 pentru mine s\u0103 m\u0103 plimb admir\u00e2nd betoane \u015fi ma\u015fini. M-am convins c\u0103 rela\u0163ia cu bicicleta \u00een Bucure\u015fti e una aproape sexual\u0103. Dac\u0103 vrei s\u0103 fi 100% \u00een siguran\u0163\u0103 nu po\u0163i dec\u00e2t s\u0103 o admiri parcat\u0103 \u00een balcon sau \u00eentr-o debara mai generoas\u0103, f\u0103r\u0103 un contact direct, un fel de onanism. Dac\u0103 e\u015fti mai curajos, dar nu sinuciga\u015f, alegi ni\u015fte trasee scurte, sinuoase, prin spatele unor blocuri sau ni\u015fte parc\u0103ri de supermarket golite de \u00eenserare. E ca \u015fi cum ai face totu\u015fi sex, dar dorind s\u0103 fi protejat, \u00een lipsa unui prezervativ, te &#8222;\u00eencal\u0163i&#8221; cu o pung\u0103 de 50 de bani. Nu sim\u0163i nimic, dar m\u0103car te mi\u015fti.<\/p>\n","protected":false},"excerpt":{"rendered":"<p>Dup\u0103 o pauz\u0103 de aproape 15 ani, am revenit pe biciclet\u0103. Ce a provocat acest de\u015fert de nepedalare? E complicat de spus, cert este c\u0103 la un moment dat \u015fi s\u0103 fi vrut nu mai aveam pe ce s\u0103 \u00eencalec, bicicleta care m\u0103 facuse celebru \u00een satele din zona Arge\u015f &#8211; Neajlov fusese donat\u0103 f\u0103r\u0103&#8230;<\/p>\n","protected":false},"author":2,"featured_media":0,"comment_status":"open","ping_status":"open","sticky":false,"template":"","format":"standard","meta":[],"categories":[5],"tags":[],"_links":{"self":[{"href":"https:\/\/www.dedes.ro\/index.php\/wp-json\/wp\/v2\/posts\/3091"}],"collection":[{"href":"https:\/\/www.dedes.ro\/index.php\/wp-json\/wp\/v2\/posts"}],"about":[{"href":"https:\/\/www.dedes.ro\/index.php\/wp-json\/wp\/v2\/types\/post"}],"author":[{"embeddable":true,"href":"https:\/\/www.dedes.ro\/index.php\/wp-json\/wp\/v2\/users\/2"}],"replies":[{"embeddable":true,"href":"https:\/\/www.dedes.ro\/index.php\/wp-json\/wp\/v2\/comments?post=3091"}],"version-history":[{"count":3,"href":"https:\/\/www.dedes.ro\/index.php\/wp-json\/wp\/v2\/posts\/3091\/revisions"}],"predecessor-version":[{"id":3095,"href":"https:\/\/www.dedes.ro\/index.php\/wp-json\/wp\/v2\/posts\/3091\/revisions\/3095"}],"wp:attachment":[{"href":"https:\/\/www.dedes.ro\/index.php\/wp-json\/wp\/v2\/media?parent=3091"}],"wp:term":[{"taxonomy":"category","embeddable":true,"href":"https:\/\/www.dedes.ro\/index.php\/wp-json\/wp\/v2\/categories?post=3091"},{"taxonomy":"post_tag","embeddable":true,"href":"https:\/\/www.dedes.ro\/index.php\/wp-json\/wp\/v2\/tags?post=3091"}],"curies":[{"name":"wp","href":"https:\/\/api.w.org\/{rel}","templated":true}]}}