{"id":3148,"date":"2013-10-04T19:10:37","date_gmt":"2013-10-04T17:10:37","guid":{"rendered":"http:\/\/www.dedes.ro\/?p=3148"},"modified":"2013-10-04T19:12:59","modified_gmt":"2013-10-04T17:12:59","slug":"intoarcerea-la-evul-mediu","status":"publish","type":"post","link":"https:\/\/www.dedes.ro\/index.php\/2013\/10\/04\/intoarcerea-la-evul-mediu\/","title":{"rendered":"\u00centoarcerea la EVUL MEDIU"},"content":{"rendered":"<p><a href=\"http:\/\/www.dedes.ro\/wp-content\/uploads\/2013\/10\/Pieter_Bruegel_the_Elder_-_The_Cripples.jpg\"><img decoding=\"async\" loading=\"lazy\" class=\"alignleft size-medium wp-image-3149\" title=\"Pieter_Bruegel_the_Elder_-_The_Cripples\" src=\"http:\/\/www.dedes.ro\/wp-content\/uploads\/2013\/10\/Pieter_Bruegel_the_Elder_-_The_Cripples-300x254.jpg\" alt=\"\" width=\"300\" height=\"254\" srcset=\"https:\/\/www.dedes.ro\/wp-content\/uploads\/2013\/10\/Pieter_Bruegel_the_Elder_-_The_Cripples-300x254.jpg 300w, https:\/\/www.dedes.ro\/wp-content\/uploads\/2013\/10\/Pieter_Bruegel_the_Elder_-_The_Cripples.jpg 689w\" sizes=\"(max-width: 300px) 100vw, 300px\" \/><\/a>S\u0103tul\u0103 p\u00e2n\u0103 \u00een g\u00e2t de Comunism \u015fi Capitalism, Rom\u00e2nia se \u00eentoarce \u00een Evul Mediu timpuriu. Da, \u015ftiu, crede\u0163i c\u0103 exagerez, dar nu o fac,m\u0103 bazez doar pe semne. E nevoie s\u0103 \u00a0facem un scurt recurs la istoria \u00eenv\u0103\u0163at\u0103, sau nu, pe b\u0103ncile \u015fcolilor pe care le-am frecventat fiecare (am convingerea c\u0103 niciun analfabet nu intr\u0103 aici ca s\u0103 se uite pe poze). Deci la o prim\u0103 m\u00een\u0103 ce ne amintim \u00een leg\u0103tur\u0103 cu Evul Mediu: *mul\u0163i oameni erau at\u00e2t de s\u0103raci \u00eenc\u00e2t iarna nu \u00ee\u015fi permiteau nicio surs\u0103 de \u00eenc\u0103lzire, nici m\u0103car ni\u015fte vreascuri de pe domeniul de v\u00e2n\u0103toare al mai marelui local* c\u00e2nd aveau loc fenomene naturale stranii singura solu\u0163ie o reprezenta o rug\u0103ciune fierbinte f\u0103cut\u0103 de fiecare \u00een parte sau prin mijlocirea unui preot * din c\u00e2nd \u00een c\u00e2nd veneau hunii, t\u0103tarii, turcii, \u00een func\u0163ie de perioad\u0103 \u015fi pedepseau la gr\u0103mad\u0103 ce le pica \u00een ghioag\u0103, topori\u015fc\u0103 sau iatagan \u015fi p\u00e2n\u0103 intervenea autoritatea central\u0103, cei slabi erau la p\u0103m\u00e2nt* bolile erau aproape toate mortale* f\u0103r\u0103 s\u0103 \u00ee\u015fi doreasc\u0103 mul\u0163i oameni posteau aproape non stop* fiarele s\u0103lbatice atacau localit\u0103\u0163ile f\u0103r\u0103 mil\u0103.<\/p>\n<p>Cum e acum? \u00cen majoritatea ora\u015felor oamenii de frica facturilor prefer\u0103 s\u0103 stea \u00een frig. Tremuratul e \u00eenc\u0103 gratuit* De dou\u0103 s\u0103pt\u0103m\u00e2ni o zon\u0103 a \u0163\u0103rii e zguduit\u0103 de cutremure, cum speciali\u015ftii nu sunt capabili s\u0103 spun\u0103 nici m\u0103car prostii, oamenii au apelat la ni\u015fte preo\u0163i s\u0103 fac\u0103 o slujb\u0103 antiseismic\u0103* aflu cu surprindere c\u0103 tot mai multe \u015fcoli sunt luate cu asalt, cu ritmicitate, de huligani, care, s\u0103 nu ne ferim de cuvinte, \u00een cea mai mare parte sunt \u0163igani. <!--more-->Exemplu: la \u015fcoala la care \u00eenva\u0163\u0103 fata mea un grup consistent de fl\u0103c\u0103i (majori) \u00eenarma\u0163i cu b\u00e2te, cu\u0163ite \u015fi alte cele au venit s\u0103 aplice corec\u0163ii oric\u0103rui elev le ie\u015fea \u00een cale, ca un prim avertisment c\u0103 nimeni nu trebuie s\u0103 se pun\u0103 cu un cons\u00e2ngean de-al lor din clasa a&#8230;6-a. P\u00e2n\u0103 s\u0103 apar\u0103 cine trebuie s\u0103 apar\u0103, c\u00e2\u0163iva elevi de 12-13 ani au \u00een\u0163eles c\u0103 pumni \u0103lora &#8222;minte nu are&#8221;* Oamenii au auzit at\u00e2t de multe pove\u015fti de groaz\u0103 de prin spitale \u00eenc\u00e2t mul\u0163i au ajuns la concluzia c\u0103 e mai profitabil s\u0103 moar\u0103 pe perna lor de acas\u0103*Nici nu a\u0163i vrea s\u0103 \u015fti\u0163i c\u00e2\u0163i cet\u0103\u0163eni ai acestei \u0163\u0103ri nu au mai &#8221; ie\u015fit&#8221; de luni bune din varz\u0103 \u015fi cartofi, fasolea e deja prea scump\u0103*povestea cu c\u00e2inii maidanezi nu mai e cazul s\u0103 o repet.<\/p>\n<p>Pe acest fond, nu \u00een\u0163eleg pentru ce mim\u0103m civiliza\u0163ia \u015fi mai pl\u0103tim taxe, impozite \u015fi sus\u0163inem un aparat administrativ de stat supradimensionat?<\/p>\n<p><em>imagine : Pieter Bruegel cel B\u0103tr\u00e2n\u00a0 &#8211; \u00a0Schilozii (sursa <a href=\"http:\/\/ro.wikipedia.org\/wiki\/Fi%C8%99ier:Pieter_Bruegel_the_Elder_-_The_Cripples_-_WGA3518.jpg\">http:\/\/ro.wikipedia.org<\/a>)<\/em><\/p>\n","protected":false},"excerpt":{"rendered":"<p>S\u0103tul\u0103 p\u00e2n\u0103 \u00een g\u00e2t de Comunism \u015fi Capitalism, Rom\u00e2nia se \u00eentoarce \u00een Evul Mediu timpuriu. Da, \u015ftiu, crede\u0163i c\u0103 exagerez, dar nu o fac,m\u0103 bazez doar pe semne. E nevoie s\u0103 \u00a0facem un scurt recurs la istoria \u00eenv\u0103\u0163at\u0103, sau nu, pe b\u0103ncile \u015fcolilor pe care le-am frecventat fiecare (am convingerea c\u0103 niciun analfabet nu intr\u0103&#8230;<\/p>\n","protected":false},"author":2,"featured_media":0,"comment_status":"open","ping_status":"open","sticky":false,"template":"","format":"standard","meta":[],"categories":[1,5],"tags":[],"_links":{"self":[{"href":"https:\/\/www.dedes.ro\/index.php\/wp-json\/wp\/v2\/posts\/3148"}],"collection":[{"href":"https:\/\/www.dedes.ro\/index.php\/wp-json\/wp\/v2\/posts"}],"about":[{"href":"https:\/\/www.dedes.ro\/index.php\/wp-json\/wp\/v2\/types\/post"}],"author":[{"embeddable":true,"href":"https:\/\/www.dedes.ro\/index.php\/wp-json\/wp\/v2\/users\/2"}],"replies":[{"embeddable":true,"href":"https:\/\/www.dedes.ro\/index.php\/wp-json\/wp\/v2\/comments?post=3148"}],"version-history":[{"count":4,"href":"https:\/\/www.dedes.ro\/index.php\/wp-json\/wp\/v2\/posts\/3148\/revisions"}],"predecessor-version":[{"id":3152,"href":"https:\/\/www.dedes.ro\/index.php\/wp-json\/wp\/v2\/posts\/3148\/revisions\/3152"}],"wp:attachment":[{"href":"https:\/\/www.dedes.ro\/index.php\/wp-json\/wp\/v2\/media?parent=3148"}],"wp:term":[{"taxonomy":"category","embeddable":true,"href":"https:\/\/www.dedes.ro\/index.php\/wp-json\/wp\/v2\/categories?post=3148"},{"taxonomy":"post_tag","embeddable":true,"href":"https:\/\/www.dedes.ro\/index.php\/wp-json\/wp\/v2\/tags?post=3148"}],"curies":[{"name":"wp","href":"https:\/\/api.w.org\/{rel}","templated":true}]}}