{"id":3304,"date":"2014-05-21T11:10:10","date_gmt":"2014-05-21T09:10:10","guid":{"rendered":"http:\/\/www.dedes.ro\/?p=3304"},"modified":"2014-05-21T11:21:24","modified_gmt":"2014-05-21T09:21:24","slug":"suspecti-de-serviciu","status":"publish","type":"post","link":"https:\/\/www.dedes.ro\/index.php\/2014\/05\/21\/suspecti-de-serviciu\/","title":{"rendered":"Suspec\u0163i de serviciu"},"content":{"rendered":"<p>Faptul \u00een Bucure\u015fti a aterizat un \u00eenalt oficial al SUA, care a venit s\u0103 ne livreze gratis g\u0103urile din gogo\u015file americane, a reu\u015fit s\u0103 dea peste cap traficul \u00eentr-o mare parte a Capitalei. Cum sunt consecvent dictonului &#8222;unde-i r\u0103u, hop \u015fi eu&#8221;, normal c\u0103 ieri am avut cam acela\u015fi traseu cu cel al lui Joe Biden. El \u00een limuzin\u0103, eu pe jos. Chestie de v\u00e2rst\u0103. Cum trotuarele au fost tivite cu poli\u0163i\u015fti \u015fi jandarmi, era imposibil s\u0103 nu ajung s\u0103 am dialog cu cel pu\u0163in unul dintre ei. \u015ei am fost abordat de un domn jandarm. St\u0103team la semafor de mai bine de cinci minute, al\u0103turi de al\u0163i \u015fapte &#8211; opt pietoni, deoarece un poli\u0163ist care fluidiza traficul probabil uitase de noi, c\u00e2nd domnul jandarm a venit direct la mine \u015fi m-a invitat s\u0103 circul. Cum traseul meu presupunea traversarea str\u0103zii \u015fi nici nu aveam de g\u00e2nd s\u0103 m\u0103 sinucid, am \u00eentrebat senin de ce s\u0103 circul tocmai eu . &#8222;Pentru c\u0103 ar\u0103ta\u0163i suspect&#8221;, a venit r\u0103spunsul. &#8222;Suspect de ce anume?&#8221;, am \u00eentrebat. &#8222;Acum ce facem, ne \u00eentindem la vorb\u0103?&#8221;, &#8222;P\u0103i te-am \u00eentrebat eu de vorb\u0103?&#8221;, am replicat. \u00centre timp, s\u0103tui s\u0103 fac\u0103 plaj\u0103 la marginea trotuarului, mai mul\u0163i pietoni au \u00eenceput s\u0103 vocifereze, situa\u0163ia devenind u\u015for inflamabil\u0103. A stins-o poli\u0163istul din intersec\u0163ie, care ne-a \u00eendemnat \u015fi el s\u0103 circul\u0103m, din fericire \u00een direc\u0163ia pe care ne-o doream. Suspectul de serviciu, adic\u0103 eu, \u00a0\u015fi-a continuat drumul, las\u00e2nd neterminat fructuosul dialog cu omul legii.<\/p>\n<p>PS<\/p>\n<p>Precizare, \u00een urm\u0103 cu dou\u0103 zile m-am b\u0103rbierit par\u0163ial \u015fi m-am tuns regulamentar. Cum nu cred c\u0103 jandarmii citesc g\u00e2ndurile, probabil c\u0103 \u00a0rucsacul voluminos pe care \u00eel purtam m\u0103 plasa pe lista suspec\u0163ilor.<\/p>\n","protected":false},"excerpt":{"rendered":"<p>Faptul \u00een Bucure\u015fti a aterizat un \u00eenalt oficial al SUA, care a venit s\u0103 ne livreze gratis g\u0103urile din gogo\u015file americane, a reu\u015fit s\u0103 dea peste cap traficul \u00eentr-o mare parte a Capitalei. Cum sunt consecvent dictonului &#8222;unde-i r\u0103u, hop \u015fi eu&#8221;, normal c\u0103 ieri am avut cam acela\u015fi traseu cu cel al lui Joe&#8230;<\/p>\n","protected":false},"author":2,"featured_media":0,"comment_status":"open","ping_status":"open","sticky":false,"template":"","format":"standard","meta":[],"categories":[5],"tags":[],"_links":{"self":[{"href":"https:\/\/www.dedes.ro\/index.php\/wp-json\/wp\/v2\/posts\/3304"}],"collection":[{"href":"https:\/\/www.dedes.ro\/index.php\/wp-json\/wp\/v2\/posts"}],"about":[{"href":"https:\/\/www.dedes.ro\/index.php\/wp-json\/wp\/v2\/types\/post"}],"author":[{"embeddable":true,"href":"https:\/\/www.dedes.ro\/index.php\/wp-json\/wp\/v2\/users\/2"}],"replies":[{"embeddable":true,"href":"https:\/\/www.dedes.ro\/index.php\/wp-json\/wp\/v2\/comments?post=3304"}],"version-history":[{"count":3,"href":"https:\/\/www.dedes.ro\/index.php\/wp-json\/wp\/v2\/posts\/3304\/revisions"}],"predecessor-version":[{"id":3307,"href":"https:\/\/www.dedes.ro\/index.php\/wp-json\/wp\/v2\/posts\/3304\/revisions\/3307"}],"wp:attachment":[{"href":"https:\/\/www.dedes.ro\/index.php\/wp-json\/wp\/v2\/media?parent=3304"}],"wp:term":[{"taxonomy":"category","embeddable":true,"href":"https:\/\/www.dedes.ro\/index.php\/wp-json\/wp\/v2\/categories?post=3304"},{"taxonomy":"post_tag","embeddable":true,"href":"https:\/\/www.dedes.ro\/index.php\/wp-json\/wp\/v2\/tags?post=3304"}],"curies":[{"name":"wp","href":"https:\/\/api.w.org\/{rel}","templated":true}]}}