{"id":3328,"date":"2014-06-17T18:00:56","date_gmt":"2014-06-17T16:00:56","guid":{"rendered":"http:\/\/www.dedes.ro\/?p=3328"},"modified":"2014-06-17T18:00:56","modified_gmt":"2014-06-17T16:00:56","slug":"anotimpul-milogilor","status":"publish","type":"post","link":"https:\/\/www.dedes.ro\/index.php\/2014\/06\/17\/anotimpul-milogilor\/","title":{"rendered":"Anotimpul milogilor"},"content":{"rendered":"<p>Sunt fanul declarat al sf\u00e2r\u015fiturilor de an \u015fcolar. Elev silitor de felul meu, tr\u0103iam la cote incredibile ziua \u00een care nu mai trebuia s\u0103 fiu a\u015fa silitor. \u00a0Coroni\u0163e, trandafiri, gladiole, crini, diplome, c\u0103r\u0163i, Amintiri din Copil\u0103rie (am primit-o de 5 ori) sunt ingredientele pe care dac\u0103 le arunc \u00een oal\u0103 ob\u0163in esen\u0163\u0103 de vacan\u0163\u0103. Vacan\u0163ele sunt tot mai mici, dar pl\u0103cerea ultimei zile de \u015fcoal\u0103 este \u00een continuare prezent\u0103.<\/p>\n<p>Cum pe aceast\u0103 lume nu exist\u0103 un lucru frumos care s\u0103 nu fie marcat str\u00e2ns de unul ur\u00e2t, luna iunie este f\u0103r\u0103 \u00eendoial\u0103 anotimpul milogilor. La \u00eenceput, milogii erau exclusiv maturii, care mai cu o vorb\u0103, mai cu un pache\u0163el \u00eencearc\u0103 s\u0103 mai salte media genereal\u0103 a odraslelor. Boala grea s-a transmis \u015fi milogeala a ajuns \u015fi la minori. Mai c\u0103 m\u0103 bate mama, m\u0103 \u00eenjur\u0103 tata, m\u0103 ceart\u0103 pisica, micii milogi \u00eencearc\u0103 pe ultima sut\u0103 de metri s\u0103 salte ceva ce nu au putut sau nu au vrut s\u0103 fac\u0103 prin munc\u0103. Din p\u0103cate, profesorii cad adesea \u00een aceast\u0103 plas\u0103, f\u0103r\u0103 s\u0103 \u00een\u0163eleag\u0103 c\u0103 nedrept\u0103\u0163esc, prin rico\u015feu, ni\u015fte copii care sunt educa\u0163i s\u0103-\u015fi men\u0163in\u0103 coloana dreapt\u0103. Dac\u0103 \u00ee\u015fi propun s\u0103 creasc\u0103 genera\u0163ii de coco\u015fa\u0163i \u015fi dezam\u0103gi\u0163i, acesta e drumul.<\/p>\n","protected":false},"excerpt":{"rendered":"<p>Sunt fanul declarat al sf\u00e2r\u015fiturilor de an \u015fcolar. Elev silitor de felul meu, tr\u0103iam la cote incredibile ziua \u00een care nu mai trebuia s\u0103 fiu a\u015fa silitor. \u00a0Coroni\u0163e, trandafiri, gladiole, crini, diplome, c\u0103r\u0163i, Amintiri din Copil\u0103rie (am primit-o de 5 ori) sunt ingredientele pe care dac\u0103 le arunc \u00een oal\u0103 ob\u0163in esen\u0163\u0103 de vacan\u0163\u0103. Vacan\u0163ele&#8230;<\/p>\n","protected":false},"author":2,"featured_media":0,"comment_status":"open","ping_status":"open","sticky":false,"template":"","format":"standard","meta":[],"categories":[5],"tags":[],"_links":{"self":[{"href":"https:\/\/www.dedes.ro\/index.php\/wp-json\/wp\/v2\/posts\/3328"}],"collection":[{"href":"https:\/\/www.dedes.ro\/index.php\/wp-json\/wp\/v2\/posts"}],"about":[{"href":"https:\/\/www.dedes.ro\/index.php\/wp-json\/wp\/v2\/types\/post"}],"author":[{"embeddable":true,"href":"https:\/\/www.dedes.ro\/index.php\/wp-json\/wp\/v2\/users\/2"}],"replies":[{"embeddable":true,"href":"https:\/\/www.dedes.ro\/index.php\/wp-json\/wp\/v2\/comments?post=3328"}],"version-history":[{"count":1,"href":"https:\/\/www.dedes.ro\/index.php\/wp-json\/wp\/v2\/posts\/3328\/revisions"}],"predecessor-version":[{"id":3329,"href":"https:\/\/www.dedes.ro\/index.php\/wp-json\/wp\/v2\/posts\/3328\/revisions\/3329"}],"wp:attachment":[{"href":"https:\/\/www.dedes.ro\/index.php\/wp-json\/wp\/v2\/media?parent=3328"}],"wp:term":[{"taxonomy":"category","embeddable":true,"href":"https:\/\/www.dedes.ro\/index.php\/wp-json\/wp\/v2\/categories?post=3328"},{"taxonomy":"post_tag","embeddable":true,"href":"https:\/\/www.dedes.ro\/index.php\/wp-json\/wp\/v2\/tags?post=3328"}],"curies":[{"name":"wp","href":"https:\/\/api.w.org\/{rel}","templated":true}]}}