{"id":3927,"date":"2016-12-07T12:29:46","date_gmt":"2016-12-07T10:29:46","guid":{"rendered":"http:\/\/www.dedes.ro\/?p=3927"},"modified":"2016-12-07T12:31:18","modified_gmt":"2016-12-07T10:31:18","slug":"mocirla","status":"publish","type":"post","link":"https:\/\/www.dedes.ro\/index.php\/2016\/12\/07\/mocirla\/","title":{"rendered":"Mocirl\u0103"},"content":{"rendered":"<p>Peste 300 de ani c\u00e2nd arehologii internetului vor dezgropa toate textele scrise de mine pe bloguri, ca s\u0103 afle cum putea supravie\u021bui un om cinstit la \u00eenceputul secolului XXI, nimeni nu va mai \u0219ti cine au fost G\u00e2dea sau Ciolo\u0219. Cu toate acestea nu pot trece peste \u201e\u00eencle\u0219tarea titanic\u0103\u201d dintre cei doi, din studioul postului Antena 3, caracterizat de actualul premier drept o mocirl\u0103 moral\u0103 \u00een care trebuie s\u0103 mearg\u0103 cu cizme de cauciuc invizibile. Dincolo de emisiune, pe care nu am urm\u0103rit-o\u00a0 &#8211; am privit, dar \u00eemi este ru\u0219ine s\u0103 recunosc :)))) &#8211; mult mai interesante sunt comentariile de pe facebook ale celor care s-au uitat \u0219i ale c\u0103ror simpatii politice \u00eemi sunt destul de clare. Consumatorii constan\u021bi ai Antenei 3 s-au declarat dezgusta\u021bi de minciunile \u0219i b\u00e2lb\u00e2ielile lui Ciolo\u0219 \u0219i au admirat b\u0103rb\u0103\u021bia lui G\u00e2dea, \u201ear fi trebuit s\u0103 \u00eei dea \u0219i c\u00e2teva palme tehnocraturlui\u201d, cei care nu agreeaz\u0103 deloc stilul de pseudo- jurnalism practicat \u00een zona respectiv\u0103, dar s-au uitat de aceast\u0103 dat\u0103 pentru a vedea confruntarea, au remarcat calmul \u0219i demnitatea lui Ciolo\u0219 \u0219i au fost cotropi\u021bi de dezgust \u00een fa\u021ba incompetene\u021bei, r\u0103ut\u0103\u021bii \u0219i apeten\u021bei pentru minciun\u0103 a lui G\u00e2dea.<\/p>\n<p>Cum nu m-am uitat, cel pu\u021bin a\u0219a afirm oficial, nu pot c\u0103dea \u00een capcana de a emite verdicte despre duelul verbal, dar privind reac\u021biile pot s\u0103 afirm c\u0103 niciun antenist convins nu s-a dezis de G\u00e2dea, premierul Ciolo\u0219 nu a ob\u021binut prin presta\u021bia sa niciun vot\u00a0 de la consumatorii postului respectiv, care, \u00een schimb, fie \u0219i pentru o sear\u0103, a c\u00e2\u0219tigat ceva public \u00een plus, ceea ce \u00eenseamn\u0103 audien\u021b\u0103, adic\u0103 bani.<\/p>\n","protected":false},"excerpt":{"rendered":"<p>Peste 300 de ani c\u00e2nd arehologii internetului vor dezgropa toate textele scrise de mine pe bloguri, ca s\u0103 afle cum putea supravie\u021bui un om cinstit la \u00eenceputul secolului XXI, nimeni nu va mai \u0219ti cine au fost G\u00e2dea sau Ciolo\u0219. Cu toate acestea nu pot trece peste \u201e\u00eencle\u0219tarea titanic\u0103\u201d dintre cei doi, din studioul postului Antena 3, caracterizat de actualul premier drept o mocirl\u0103 moral\u0103 \u00een care trebuie s\u0103 mearg\u0103 cu cizme de cauciuc invizibile. <\/p>\n","protected":false},"author":2,"featured_media":3928,"comment_status":"open","ping_status":"open","sticky":false,"template":"","format":"standard","meta":[],"categories":[5],"tags":[],"_links":{"self":[{"href":"https:\/\/www.dedes.ro\/index.php\/wp-json\/wp\/v2\/posts\/3927"}],"collection":[{"href":"https:\/\/www.dedes.ro\/index.php\/wp-json\/wp\/v2\/posts"}],"about":[{"href":"https:\/\/www.dedes.ro\/index.php\/wp-json\/wp\/v2\/types\/post"}],"author":[{"embeddable":true,"href":"https:\/\/www.dedes.ro\/index.php\/wp-json\/wp\/v2\/users\/2"}],"replies":[{"embeddable":true,"href":"https:\/\/www.dedes.ro\/index.php\/wp-json\/wp\/v2\/comments?post=3927"}],"version-history":[{"count":2,"href":"https:\/\/www.dedes.ro\/index.php\/wp-json\/wp\/v2\/posts\/3927\/revisions"}],"predecessor-version":[{"id":3930,"href":"https:\/\/www.dedes.ro\/index.php\/wp-json\/wp\/v2\/posts\/3927\/revisions\/3930"}],"wp:featuredmedia":[{"embeddable":true,"href":"https:\/\/www.dedes.ro\/index.php\/wp-json\/wp\/v2\/media\/3928"}],"wp:attachment":[{"href":"https:\/\/www.dedes.ro\/index.php\/wp-json\/wp\/v2\/media?parent=3927"}],"wp:term":[{"taxonomy":"category","embeddable":true,"href":"https:\/\/www.dedes.ro\/index.php\/wp-json\/wp\/v2\/categories?post=3927"},{"taxonomy":"post_tag","embeddable":true,"href":"https:\/\/www.dedes.ro\/index.php\/wp-json\/wp\/v2\/tags?post=3927"}],"curies":[{"name":"wp","href":"https:\/\/api.w.org\/{rel}","templated":true}]}}