{"id":4097,"date":"2017-09-27T09:28:24","date_gmt":"2017-09-27T07:28:24","guid":{"rendered":"http:\/\/www.dedes.ro\/?p=4097"},"modified":"2017-09-28T11:06:42","modified_gmt":"2017-09-28T09:06:42","slug":"frigul-un-student-din-provincie","status":"publish","type":"post","link":"https:\/\/www.dedes.ro\/index.php\/2017\/09\/27\/frigul-un-student-din-provincie\/","title":{"rendered":"Frigul, un student din provincie"},"content":{"rendered":"<p>Mi-a b\u0103tut la u\u0219\u0103 frigul, am vrut s\u0103-l \u00eentreb de unde vine la ora aia,dar &#8211; via\u021ba e o autostrad\u0103 plin\u0103 de \u201edar-uri\u201d \u2013 am zis s\u0103 nu m\u0103 bag \u00een c\u00e2ntecele altora, a\u0219a c\u0103 l-am poftit \u00een cas\u0103.<\/p>\n<p>\u201eB\u0103i nene, miro\u0219i a toamn\u0103 de \u00eemi vine s\u0103-mi bag sufletul \u00een priz\u0103, s\u0103 \u00eel mai \u00eenc\u0103lzeasc\u0103 Enel-ul cu o factur\u0103 record\u201d, i-am zis f\u0103r\u0103 jen\u0103.<\/p>\n<p>\u201eScuze, m-am parfumat cu esen\u021b\u0103 de var\u0103, dar am un PH ciudat \u0219i nu m\u0103 prind aromele de mai-august\u201d, s-a scuzat neconving\u0103tor.<\/p>\n<p>Avea fa\u021ba unui student de anul 1, proasp\u0103t sosit din provincie \u00een Bucure\u0219ti, dezorientat, nostalgic, trist \u0219i u\u0219or \u00eenfometat, cu toate speran\u021bele blocate \u00een Gara de Nord.<\/p>\n<p>L-am omenit cu un ceai \u0219i i-am permis\u00a0 s\u0103 stea \u00een cas\u0103: \u201ePo\u021bi s\u0103 stai, dar f\u0103r\u0103 petreceri cu prietenele tale, s\u0103r\u0103cia, foamea, boala \u0219i disperarea, c\u0103 am vecini sensibili\u201d.<\/p>\n","protected":false},"excerpt":{"rendered":"<p>Mi-a b\u0103tut la u\u0219\u0103 frigul, am vrut s\u0103-l \u00eentreb de unde vine la ora aia,dar &#8211; via\u021ba e o autostrad\u0103 plin\u0103 de \u201edar-uri\u201d \u2013 am zis s\u0103 nu m\u0103 bag \u00een c\u00e2ntecele altora, a\u0219a c\u0103 l-am poftit \u00een cas\u0103.<\/p>\n<p>\u201eB\u0103i nene, miro\u0219i a toamn\u0103 de \u00eemi vine s\u0103-mi bag sufletul \u00een priz\u0103, s\u0103 \u00eel mai \u00eenc\u0103lzeasc\u0103 Enel-ul cu o factur\u0103 record\u201d, i-am zis f\u0103r\u0103 jen\u0103.<\/p>\n","protected":false},"author":2,"featured_media":4098,"comment_status":"open","ping_status":"open","sticky":false,"template":"","format":"standard","meta":[],"categories":[5],"tags":[],"_links":{"self":[{"href":"https:\/\/www.dedes.ro\/index.php\/wp-json\/wp\/v2\/posts\/4097"}],"collection":[{"href":"https:\/\/www.dedes.ro\/index.php\/wp-json\/wp\/v2\/posts"}],"about":[{"href":"https:\/\/www.dedes.ro\/index.php\/wp-json\/wp\/v2\/types\/post"}],"author":[{"embeddable":true,"href":"https:\/\/www.dedes.ro\/index.php\/wp-json\/wp\/v2\/users\/2"}],"replies":[{"embeddable":true,"href":"https:\/\/www.dedes.ro\/index.php\/wp-json\/wp\/v2\/comments?post=4097"}],"version-history":[{"count":3,"href":"https:\/\/www.dedes.ro\/index.php\/wp-json\/wp\/v2\/posts\/4097\/revisions"}],"predecessor-version":[{"id":4101,"href":"https:\/\/www.dedes.ro\/index.php\/wp-json\/wp\/v2\/posts\/4097\/revisions\/4101"}],"wp:featuredmedia":[{"embeddable":true,"href":"https:\/\/www.dedes.ro\/index.php\/wp-json\/wp\/v2\/media\/4098"}],"wp:attachment":[{"href":"https:\/\/www.dedes.ro\/index.php\/wp-json\/wp\/v2\/media?parent=4097"}],"wp:term":[{"taxonomy":"category","embeddable":true,"href":"https:\/\/www.dedes.ro\/index.php\/wp-json\/wp\/v2\/categories?post=4097"},{"taxonomy":"post_tag","embeddable":true,"href":"https:\/\/www.dedes.ro\/index.php\/wp-json\/wp\/v2\/tags?post=4097"}],"curies":[{"name":"wp","href":"https:\/\/api.w.org\/{rel}","templated":true}]}}