{"id":4699,"date":"2024-07-08T09:25:16","date_gmt":"2024-07-08T07:25:16","guid":{"rendered":"https:\/\/www.dedes.ro\/?p=4699"},"modified":"2024-07-08T09:25:17","modified_gmt":"2024-07-08T07:25:17","slug":"ridica-ma-la-cer-varianta-drumul-taberei","status":"publish","type":"post","link":"https:\/\/www.dedes.ro\/index.php\/2024\/07\/08\/ridica-ma-la-cer-varianta-drumul-taberei\/","title":{"rendered":"Ridic\u0103-m\u0103 la cer, varianta Drumul Taberei"},"content":{"rendered":"\n<p><\/p>\n\n\n\n<p>O t\u00e2n\u0103r\u0103 mi-a urat de diminea\u021ba, \u00eenainte de instalarea caniculei, s\u0103 m\u0103 loveasc\u0103 moartea. Din vedere parc\u0103 o cunosc, din ur\u0103, ea crede c\u0103 m\u0103 cunoa\u0219te foarte bine.<\/p>\n\n\n\n<p>Nu \u0219tiam c\u0103 moartea \u0219i love\u0219te, credeam c\u0103 doar te ia. Nu sunt curios s\u0103 aflu cum e s\u0103 m\u0103 loveasc\u0103 f\u0103r\u0103 s\u0103 m\u0103 ia.<\/p>\n\n\n\n<p>\u00cen fine, am \u00eentrebat \u201dde ce?\u201d, \u201d\u0219tii tu mai bine, am\u0103gitorule\u201d. Sincer, am\u0103gitorule mi-a pl\u0103cut, dar nu am \u00een\u021beles ce \u0219tiu eu mai bine. Mi-am luat o cafea \u0219i biografia la m\u00e2n\u0103. S\u0103 v\u0103d care din faptele mele pot duce la o condamnare capital\u0103.<\/p>\n\n\n\n<p>Concluzia?<\/p>\n\n\n\n<p>Nu \u00eemi place s\u0103 m\u0103 laud, dar m\u0103 \u00eencadrez mai mult la premii dec\u00e2t la pedepse.<\/p>\n\n\n\n<p>Oare m\u0103 am\u0103gesc?<\/p>\n\n\n\n<p>La revenirea spre cas\u0103 am observat cum o pereche de pantofi sport au \u00eenceput s\u0103 urce la cer f\u0103r\u0103 mine (foto), cred c\u0103 asta \u00eenseamn\u0103 c\u0103 blestemul nu s-a prins \u0219i t\u00e2n\u0103ra am\u0103git\/dezam\u0103git\u0103 a ratat \u021binta.<\/p>\n","protected":false},"excerpt":{"rendered":"<p>O t\u00e2n\u0103r\u0103 mi-a urat de diminea\u021ba, \u00eenainte de instalarea caniculei, s\u0103 m\u0103 loveasc\u0103 moartea. Din vedere parc\u0103 o cunosc, din ur\u0103, ea crede c\u0103 m\u0103 cunoa\u0219te foarte bine. Nu \u0219tiam c\u0103 moartea \u0219i love\u0219te, credeam c\u0103 doar te ia. Nu sunt curios s\u0103 aflu cum e s\u0103 m\u0103 loveasc\u0103 f\u0103r\u0103 s\u0103 m\u0103 ia. \u00cen fine,&#8230;<\/p>\n","protected":false},"author":2,"featured_media":4700,"comment_status":"open","ping_status":"open","sticky":false,"template":"","format":"standard","meta":[],"categories":[1],"tags":[],"_links":{"self":[{"href":"https:\/\/www.dedes.ro\/index.php\/wp-json\/wp\/v2\/posts\/4699"}],"collection":[{"href":"https:\/\/www.dedes.ro\/index.php\/wp-json\/wp\/v2\/posts"}],"about":[{"href":"https:\/\/www.dedes.ro\/index.php\/wp-json\/wp\/v2\/types\/post"}],"author":[{"embeddable":true,"href":"https:\/\/www.dedes.ro\/index.php\/wp-json\/wp\/v2\/users\/2"}],"replies":[{"embeddable":true,"href":"https:\/\/www.dedes.ro\/index.php\/wp-json\/wp\/v2\/comments?post=4699"}],"version-history":[{"count":1,"href":"https:\/\/www.dedes.ro\/index.php\/wp-json\/wp\/v2\/posts\/4699\/revisions"}],"predecessor-version":[{"id":4701,"href":"https:\/\/www.dedes.ro\/index.php\/wp-json\/wp\/v2\/posts\/4699\/revisions\/4701"}],"wp:featuredmedia":[{"embeddable":true,"href":"https:\/\/www.dedes.ro\/index.php\/wp-json\/wp\/v2\/media\/4700"}],"wp:attachment":[{"href":"https:\/\/www.dedes.ro\/index.php\/wp-json\/wp\/v2\/media?parent=4699"}],"wp:term":[{"taxonomy":"category","embeddable":true,"href":"https:\/\/www.dedes.ro\/index.php\/wp-json\/wp\/v2\/categories?post=4699"},{"taxonomy":"post_tag","embeddable":true,"href":"https:\/\/www.dedes.ro\/index.php\/wp-json\/wp\/v2\/tags?post=4699"}],"curies":[{"name":"wp","href":"https:\/\/api.w.org\/{rel}","templated":true}]}}