{"id":4847,"date":"2025-09-17T11:23:22","date_gmt":"2025-09-17T09:23:22","guid":{"rendered":"https:\/\/www.dedes.ro\/?p=4847"},"modified":"2025-09-17T11:23:23","modified_gmt":"2025-09-17T09:23:23","slug":"proprietari","status":"publish","type":"post","link":"https:\/\/www.dedes.ro\/index.php\/2025\/09\/17\/proprietari\/","title":{"rendered":"Proprietari"},"content":{"rendered":"\n<p>Ieri am desc\u0103lecat la o \u201e\u0219edin\u021b\u0103 de bloc\u201d. O Adunare General\u0103 a Asocia\u021biei de Proprietari. Propuneri multe, rezolv\u0103ri pu\u021bine, nemul\u021bumiri \u00een averse, satisfac\u021bii cu pipeta. Nimic neobi\u0219nuit, p\u00e2n\u0103 la un punct.<\/p>\n\n\n\n<p>\u0218edin\u021ba se \u021binea la intrarea \u00een imobil, participan\u021bi destul de pu\u021bini, cam 10% din ceea ce s-ar fi putut.<\/p>\n\n\n\n<p>La un moment dat au \u00eenceput s\u0103 se scurg\u0103 pe alee vecini care reveneau acas\u0103 de la diverse treburi. Doamna \u201ecenzor\u201d, care <a><\/a>de\u021binea o list\u0103 cu participan\u021bi \u0219i un pix, \u00eencerca s\u0103 ob\u021bin\u0103 c\u00e2t mai multe semn\u0103turi pentru un dosar de reabilitare a blocului \u0219i cum vedea pe cineva care \u00eencerca s\u0103 intre \u00een imobil \u00eel \u00eentreba: \u201eSunte\u021bi proprietar?\u201d, doar proprietarii av\u00e2nd drept de vot \u00een AG. Trec peste faptul c\u0103 locatarii, cu mici excep\u021bii, nu prea se cunosc \u00eentre ei. A\u0219a a \u00eenceput nebunia, cu o \u00eentrebare simpl\u0103.<\/p>\n\n\n\n<p>Primul vecin \u00eentrebat a r\u0103spuns hot\u0103r\u00e2t: \u201eDa\u201d, \u201eNu\u201d, \u201eDa\u201d, \u0219i dup\u0103 ce administratorul i-a \u0219optit c\u0103 nu e proprietar, a r\u0103mas la \u201eNu\u201d. Al doilea sosit la domiciliu a spus \u201eDa\u201d, so\u021bia lui a zis \u201eNu\u201d, el a zis \u201eDa\u201d, ea a repetat: \u201eNu, e apartamentul m\u0103tu\u0219ii tale!\u201d, el a zis din nou: \u201eDa, deci e al meu\u201d. Au mai dezb\u0103tut ni\u021bel \u0219i a r\u0103mas \u201eNu\u201d.<\/p>\n\n\n\n<p>Vecinul trei, \u00eenso\u021bit de un copil, a zis: \u201eNu, nu sunt proprietar, dar o s\u0103-i zic so\u021biei s\u0103 coboare s\u0103 semneze, ea este.\u201d A mai stat pu\u021bin \u00een u\u0219\u0103, a zis \u201eDa\u201d, a deschis u\u0219a, a rostit \u201eNu\u201d, s-a \u00eentors: \u201eDac\u0103 m\u0103 g\u00e2ndesc mai bine, sunt \u0219i eu un pic proprietar, da, semnez eu.\u201d<\/p>\n\n\n\n<p>Vecinul patru s-a speriat de \u00eentrebare, nu a zis nimic, so\u021bia lui a zis \u201eDa\u201d, el a \u00eentrebat \u201eSigur?\u201d, ea a \u00eent\u0103rit: \u201eDa, da, e\u0219ti proprietar, pune m\u00e2na \u0219i semneaz\u0103.\u201d El, cu jum\u0103tate de glas, a rostit: \u201eDe ce eu?\u201d, iar ea s-a uitat ur\u00e2t. El a semnat.<\/p>\n\n\n\n<p>Vecina cinci (aceea care m\u0103 f\u0103cea pe vremuri manelist, confund\u00e2ndu-m\u0103 definitiv cu locatarul care st\u0103tea cu un etaj sub ea) nu a zis bun\u0103 seara, nu a r\u0103spuns la \u00eentrebare, a intrat \u00een grab\u0103 \u00een imobil, f\u0103r\u0103 s\u0103 \u00eentoarc\u0103 privirea. \u201eA\u0219a e ea, nu prea vorbe\u0219te cu nimeni\u201d, a punctat o doamn\u0103 mai \u00een v\u00e2rst\u0103.<\/p>\n\n\n\n<p>Am propus s\u0103 se schimbe pu\u021bin \u00eentrebarea, s\u0103 nu mai spun\u0103 \u201eproprietar\u201d, pentru c\u0103 era clar c\u0103 termenul e mult prea complicat pentru vecini, dar nu a mai fost cazul. P\u00e2n\u0103 la final nimeni nu a mai venit, nimeni nu a mai ie\u0219it.<\/p>\n\n\n\n<p>Am plecat spre vastele apartamente complet bulversat: dac\u0103 nu \u0219tim c\u0103 suntem sau nu proprietarii casei \u00een care locuim, atunci ce \u0219tim?<\/p>\n\n\n\n<p>PS<\/p>\n\n\n\n<p>Nu stau \u00eentr-un loc excep\u021bional, din pac\u0103te asta e Rom\u00e2nia de azi, \u021bara \u00een care extrem de mul\u021bi cet\u0103\u021beni sunt incapabili s\u0103 raspund\u0103 clar la o \u00eentrebare simpl\u00e2 sau s\u0103 poarte un dialog normal.<\/p>\n","protected":false},"excerpt":{"rendered":"<p>Ieri am desc\u0103lecat la o \u201e\u0219edin\u021b\u0103 de bloc\u201d. O Adunare General\u0103 a Asocia\u021biei de Proprietari. Propuneri multe, rezolv\u0103ri pu\u021bine, nemul\u021bumiri \u00een averse, satisfac\u021bii cu pipeta. Nimic neobi\u0219nuit, p\u00e2n\u0103 la un punct. \u0218edin\u021ba se \u021binea la intrarea \u00een imobil, participan\u021bi destul de pu\u021bini, cam 10% din ceea ce s-ar fi putut. La un moment dat au&#8230;<\/p>\n","protected":false},"author":2,"featured_media":0,"comment_status":"closed","ping_status":"open","sticky":false,"template":"","format":"standard","meta":[],"categories":[5],"tags":[],"_links":{"self":[{"href":"https:\/\/www.dedes.ro\/index.php\/wp-json\/wp\/v2\/posts\/4847"}],"collection":[{"href":"https:\/\/www.dedes.ro\/index.php\/wp-json\/wp\/v2\/posts"}],"about":[{"href":"https:\/\/www.dedes.ro\/index.php\/wp-json\/wp\/v2\/types\/post"}],"author":[{"embeddable":true,"href":"https:\/\/www.dedes.ro\/index.php\/wp-json\/wp\/v2\/users\/2"}],"replies":[{"embeddable":true,"href":"https:\/\/www.dedes.ro\/index.php\/wp-json\/wp\/v2\/comments?post=4847"}],"version-history":[{"count":1,"href":"https:\/\/www.dedes.ro\/index.php\/wp-json\/wp\/v2\/posts\/4847\/revisions"}],"predecessor-version":[{"id":4848,"href":"https:\/\/www.dedes.ro\/index.php\/wp-json\/wp\/v2\/posts\/4847\/revisions\/4848"}],"wp:attachment":[{"href":"https:\/\/www.dedes.ro\/index.php\/wp-json\/wp\/v2\/media?parent=4847"}],"wp:term":[{"taxonomy":"category","embeddable":true,"href":"https:\/\/www.dedes.ro\/index.php\/wp-json\/wp\/v2\/categories?post=4847"},{"taxonomy":"post_tag","embeddable":true,"href":"https:\/\/www.dedes.ro\/index.php\/wp-json\/wp\/v2\/tags?post=4847"}],"curies":[{"name":"wp","href":"https:\/\/api.w.org\/{rel}","templated":true}]}}