{"id":4864,"date":"2025-10-09T17:03:23","date_gmt":"2025-10-09T15:03:23","guid":{"rendered":"https:\/\/www.dedes.ro\/?p=4864"},"modified":"2025-10-09T17:03:24","modified_gmt":"2025-10-09T15:03:24","slug":"navodari-astia-nu-castiga","status":"publish","type":"post","link":"https:\/\/www.dedes.ro\/index.php\/2025\/10\/09\/navodari-astia-nu-castiga\/","title":{"rendered":"N\u0103vodari : \u0102\u015ftia nu c\u00e2\u015ftig\u0103"},"content":{"rendered":"\n<p><\/p>\n\n\n\n<p>Pove\u015ftile din armat\u0103 au fost spaima so\u0163iilor \u015fi copiilor decenii \u00eentregi. Le-au auzit la mese, la petreceri, la priveghiuri \u2013 p\u00e2n\u0103 c\u00e2nd, la primele cuvinte, sim\u0163eau instinctiv nevoia s\u0103 fug\u0103. Noroc c\u0103 armata s-a desfiin\u0163at \u015fi spaima s-a mai stins.<\/p>\n\n\n\n<p>\u00cen zona mea de cuno\u015ftin\u0163e (m\u0103 tem s\u0103 mai folosesc cu lejeritate termenul prieteni) povestea central\u0103 (nici cele adiacente nu sunt de neglijat) a taberei de la N\u0103vodari din 1991 a fost rostit\u0103 de at\u00e2t de multe ori \u00eenc\u00e2t chiar \u015fi eu c\u00e2nd o relatez sau o reascult simt o u\u015foar\u0103 senza\u0163ie de le\u015fin interior. Cum de ceea ce \u00eemi e fric\u0103 nu pot \u015fi nici nu mai vreau s\u0103 scap, o s\u0103 &nbsp;a\u015ftern mai jos \u00eent\u00e2mplarea.<\/p>\n\n\n\n<p>Iulie 1991, am plecat la N\u0103vodari, \u00eentr-o tab\u0103r\u0103 \u00een care erau c\u00e2teva zeci de elevi, de absolut toate v\u00e2rstele (inclusiv o echip\u0103 de volei \u015fi una de baschet), din G\u0103e\u015fti. Din clasa mea erau cei mai mul\u0163i.<\/p>\n\n\n\n<p>Cum tab\u0103ra era de aproape dou\u0103 s\u0103pt\u0103m\u00e2ni, organizatorii trebuiau s\u0103 fac\u0103 ceva s\u0103 \u00eei \u0163in\u0103 \u00een fr\u00e2u pe tinerii care nu erau \u00een cantonament. \u00centre paranteze trebuie spus c\u0103 fugeam din campus \u00een fiecare noapte \u00een Mamaia, c\u0103 am b\u0103ut la o c\u00e2rcium\u0103 din ora\u015f p\u00e2n\u0103 s-au speriat chiar \u015fi ni\u015fte localnici trecu\u0163i prin via\u0163\u0103, c\u0103 am v\u00e2ndut bilete la un concert gratuit \u015fi c\u0103 reu\u015feam s\u0103-i speriem pe cei mai mici la discotecile din tab\u0103r\u0103. \u00cen ciuda aparen\u0163elor, \u015fi din p\u0103cate, eram cel mai excesiv la prostii&#8230; p\u00e2n\u0103 la un punct.<\/p>\n\n\n\n<p>Revenind la organizatori, &nbsp;ace\u015ftia au decis s\u0103 fac\u0103 un turneu de fotbal, pentru c\u0103 \u00een zon\u0103 se preg\u0103teau mai multe echipe de juniori de la \u015fcoli de fotbal din Bucure\u015fti, Cluj, Oradea, Bac\u0103u&#8230;Cum nu le ie\u015fea num\u0103rul la alc\u0103tuirea grupelor ne-au invitat \u015fi pe noi, \u201dcivilii\u201d. Pentru c\u0103 am participat \u015fi la tragerea la sor\u0163i, \u00een absen\u0163a colegilor, unii \u00een mod evident mai talenta\u0163i la acest sport dec\u00e2t mine, am fost desemnat de gazde c\u0103pitan de echip\u0103. \u00cent\u00e2mpl\u0103tor am ajuns \u00eentr-o grup\u0103 \u00een care nu aveam nicio \u015fans\u0103.<\/p>\n\n\n\n<p>Primul meci, prima victorie \u00eempotriva unor fotbali\u015fti din Bucure\u015fti. Scor str\u00e2ns, eram pu\u0163in obosi\u0163i dup\u0103 o noapte grea. Dup\u0103 a treia victorie, am \u00eenceput s\u0103 fim chestiona\u0163i, de unde suntem, cine ne preg\u0103te\u015fte, unde e antrenorul nostru. C\u00e2nd au aflat c\u0103 suntem dintr-o singur\u0103 clas\u0103, profil matematic\u0103-fizic\u0103, au \u00eenceput s\u0103 dea ochii peste cap.<\/p>\n\n\n\n<p>\u00cen final\u0103 am ajuns cu efectivul grav avariat, portarul a plecat acas\u0103, i se f\u0103cuse dor de familie, iar un alt juc\u0103tor a primit interzis de la prieten\u0103 s\u0103 se mai oboseasc\u0103 \u00een scop sportiv.<\/p>\n\n\n\n<p>Ne-am reorientat din mers, am intrat, la sacrificiu, \u00een poart\u0103, am c\u00e2rpit prima echip\u0103, nu mai aveam nicio schimbare \u015fi ne-am trezit singuri \u00eempotriva tuturor. Un turneu de pierdut timpul devenise o chestiune de onoare pentru antrenorii pl\u0103ti\u0163i s\u0103 scoat\u0103 urm\u0103toarele genera\u0163ii de aur. Adversarii din final\u0103 au fost \u00eent\u0103ri\u0163i cu c\u00e2\u0163iva juc\u0103tori de la echipele eliminate, iar arbitrii au primit o directiv\u0103 clar\u0103, \u201d\u0103\u015ftia din G\u0103e\u015fti nu c\u00e2\u015ftig\u0103\u201d. Atitudinea ostil\u0103 a fost remarcat\u0103 de toat\u0103 lumea, inclusiv de noi, \u015fi cum am deschis scorul, atacantul nostru a f\u0103cut un tur de stadion \u00eembr\u0103cat \u00een adida\u015fi, restul echipamentului fusese aruncat \u00een poart\u0103. Evident a fost eliminat \u015fi la fel de evident am pierdut, la limit\u0103.<\/p>\n\n\n\n<p>A fost una dintre cele mai bune lec\u0163ii despre ceea ce avea s\u0103 urmeze \u00een \u0163ara noastr\u0103 \u015fi vie\u0163ile unor dintre noi: \u201d\u0102\u015ftia nu c\u00e2\u015ftig\u0103!\u201d<\/p>\n\n\n\n<p>Altfel, o parte am r\u0103mas cu protestul \u015fi cu dosul expus.<\/p>\n","protected":false},"excerpt":{"rendered":"<p>Pove\u015ftile din armat\u0103 au fost spaima so\u0163iilor \u015fi copiilor decenii \u00eentregi. Le-au auzit la mese, la petreceri, la priveghiuri \u2013 p\u00e2n\u0103 c\u00e2nd, la primele cuvinte, sim\u0163eau instinctiv nevoia s\u0103 fug\u0103. Noroc c\u0103 armata s-a desfiin\u0163at \u015fi spaima s-a mai stins. \u00cen zona mea de cuno\u015ftin\u0163e (m\u0103 tem s\u0103 mai folosesc cu lejeritate termenul prieteni) povestea&#8230;<\/p>\n","protected":false},"author":2,"featured_media":0,"comment_status":"closed","ping_status":"open","sticky":false,"template":"","format":"standard","meta":[],"categories":[1],"tags":[],"_links":{"self":[{"href":"https:\/\/www.dedes.ro\/index.php\/wp-json\/wp\/v2\/posts\/4864"}],"collection":[{"href":"https:\/\/www.dedes.ro\/index.php\/wp-json\/wp\/v2\/posts"}],"about":[{"href":"https:\/\/www.dedes.ro\/index.php\/wp-json\/wp\/v2\/types\/post"}],"author":[{"embeddable":true,"href":"https:\/\/www.dedes.ro\/index.php\/wp-json\/wp\/v2\/users\/2"}],"replies":[{"embeddable":true,"href":"https:\/\/www.dedes.ro\/index.php\/wp-json\/wp\/v2\/comments?post=4864"}],"version-history":[{"count":1,"href":"https:\/\/www.dedes.ro\/index.php\/wp-json\/wp\/v2\/posts\/4864\/revisions"}],"predecessor-version":[{"id":4865,"href":"https:\/\/www.dedes.ro\/index.php\/wp-json\/wp\/v2\/posts\/4864\/revisions\/4865"}],"wp:attachment":[{"href":"https:\/\/www.dedes.ro\/index.php\/wp-json\/wp\/v2\/media?parent=4864"}],"wp:term":[{"taxonomy":"category","embeddable":true,"href":"https:\/\/www.dedes.ro\/index.php\/wp-json\/wp\/v2\/categories?post=4864"},{"taxonomy":"post_tag","embeddable":true,"href":"https:\/\/www.dedes.ro\/index.php\/wp-json\/wp\/v2\/tags?post=4864"}],"curies":[{"name":"wp","href":"https:\/\/api.w.org\/{rel}","templated":true}]}}