{"id":4882,"date":"2025-12-15T17:21:32","date_gmt":"2025-12-15T15:21:32","guid":{"rendered":"https:\/\/www.dedes.ro\/?p=4882"},"modified":"2025-12-15T17:21:32","modified_gmt":"2025-12-15T15:21:32","slug":"acasa-2","status":"publish","type":"post","link":"https:\/\/www.dedes.ro\/index.php\/2025\/12\/15\/acasa-2\/","title":{"rendered":"Acas\u0103"},"content":{"rendered":"\n<p><\/p>\n\n\n\n<p>Acas\u2019 nu mai e mama,<br \/>Nici tata nu mai este,<br \/>Zadarnic\u0103-i \u015fi teama,<br \/>Ce-a fost e acum poveste.<\/p>\n\n\n\n<p>Copilul meu e mare,<br \/>Iar eu sunt tot mai mic,<br \/>\u015ei via\u0163a-i o c\u0103rare<br \/>Ce se \u00eengusteaz\u0103 un pic.<\/p>\n\n\n\n<p>\u00cen mine, casa veche<br \/>Mai sc\u00e2r\u0163\u00e2ie u\u015for,<br \/>\u015ei-aud, \u00eentr-o ureche,<br \/>Cum se traduce\u2026 dor.<\/p>\n\n\n\n<p>Ce-a fost nu se \u00eentoarce,<br \/>Ce-o fi vom \u015fti cur\u00e2nd,<br \/>Iar via\u0163a \u00eencet ne stoarce,<br \/>Ani dup\u0103 ani fur\u00e2nd.<\/p>\n\n\n\n<p>\u015ei vine iar colindul,<br \/>\u00cen prag vom sta din nou.<br \/>Ne vor ura cu r\u00e2ndul<br \/>Copii dintr-un tablou.<\/p>\n\n\n\n<p>Iar c\u00e2nd se las\u0103 cea\u0163a<br \/>\u015ei glasul lor dispare,<br \/>R\u0103m\u00e2ne-n noi speran\u0163a<br \/>C\u0103 dragostea nu moare.<\/p>\n\n\n\n<p>\u015ei tot \u00eenv\u00e2rte roata<br \/>Un timp ce nu mai doare,<br \/>Cu mama \u015fi cu tata<br \/>Prezen\u021bi \u00een lum\u00e2nare.<\/p>\n","protected":false},"excerpt":{"rendered":"<p>Acas\u2019 nu mai e mama,Nici tata nu mai este,Zadarnic\u0103-i \u015fi teama,Ce-a fost e acum poveste. Copilul meu e mare,Iar eu sunt tot mai mic,\u015ei via\u0163a-i o c\u0103rareCe se \u00eengusteaz\u0103 un pic. \u00cen mine, casa vecheMai sc\u00e2r\u0163\u00e2ie u\u015for,\u015ei-aud, \u00eentr-o ureche,Cum se traduce\u2026 dor. Ce-a fost nu se \u00eentoarce,Ce-o fi vom \u015fti cur\u00e2nd,Iar via\u0163a \u00eencet ne stoarce,Ani&#8230;<\/p>\n","protected":false},"author":2,"featured_media":4883,"comment_status":"closed","ping_status":"open","sticky":false,"template":"","format":"standard","meta":[],"categories":[1],"tags":[],"_links":{"self":[{"href":"https:\/\/www.dedes.ro\/index.php\/wp-json\/wp\/v2\/posts\/4882"}],"collection":[{"href":"https:\/\/www.dedes.ro\/index.php\/wp-json\/wp\/v2\/posts"}],"about":[{"href":"https:\/\/www.dedes.ro\/index.php\/wp-json\/wp\/v2\/types\/post"}],"author":[{"embeddable":true,"href":"https:\/\/www.dedes.ro\/index.php\/wp-json\/wp\/v2\/users\/2"}],"replies":[{"embeddable":true,"href":"https:\/\/www.dedes.ro\/index.php\/wp-json\/wp\/v2\/comments?post=4882"}],"version-history":[{"count":1,"href":"https:\/\/www.dedes.ro\/index.php\/wp-json\/wp\/v2\/posts\/4882\/revisions"}],"predecessor-version":[{"id":4884,"href":"https:\/\/www.dedes.ro\/index.php\/wp-json\/wp\/v2\/posts\/4882\/revisions\/4884"}],"wp:featuredmedia":[{"embeddable":true,"href":"https:\/\/www.dedes.ro\/index.php\/wp-json\/wp\/v2\/media\/4883"}],"wp:attachment":[{"href":"https:\/\/www.dedes.ro\/index.php\/wp-json\/wp\/v2\/media?parent=4882"}],"wp:term":[{"taxonomy":"category","embeddable":true,"href":"https:\/\/www.dedes.ro\/index.php\/wp-json\/wp\/v2\/categories?post=4882"},{"taxonomy":"post_tag","embeddable":true,"href":"https:\/\/www.dedes.ro\/index.php\/wp-json\/wp\/v2\/tags?post=4882"}],"curies":[{"name":"wp","href":"https:\/\/api.w.org\/{rel}","templated":true}]}}