{"id":4893,"date":"2026-01-07T14:58:39","date_gmt":"2026-01-07T12:58:39","guid":{"rendered":"https:\/\/www.dedes.ro\/?p=4893"},"modified":"2026-01-07T14:58:40","modified_gmt":"2026-01-07T12:58:40","slug":"lili-vinul-si-sfantul-ion","status":"publish","type":"post","link":"https:\/\/www.dedes.ro\/index.php\/2026\/01\/07\/lili-vinul-si-sfantul-ion\/","title":{"rendered":"Lili, vinul \u0219i Sf\u00e2ntul Ion"},"content":{"rendered":"\n<p><\/p>\n\n\n\n<p>Pentru vecie, ziua de Sf\u00e2ntul Ion r\u0103m\u00e2ne str\u00e2ns legat\u0103 de c\u00e2rna\u021bii extra-pican\u021bi, ultra-s\u0103ra\u021bi \u0219i de vinul risipit pe p\u0103m\u00e2nt. Mult vin. At\u00e2t de mult \u00eenc\u00e2t, dac\u0103 l-ai fi adunat la un loc, probabil c\u0103 am fi putut sp\u0103la p\u0103catele c\u00e2torva genera\u021bii. \u00cel pomenesc, din nou, pe v\u0103rul Lili, Ion \u00een acte, pentru c\u0103 sunt foarte pu\u021bini cei care o mai pot face. Nu pentru c\u0103 nu doresc, ci pentru c\u0103, \u00eentre timp, au murit <a><\/a>sau au uitat ce bine ne era \u0219i c\u00e2nd ne era r\u0103u.<\/p>\n\n\n\n<p>Casa p\u0103rin\u021bilor lui Lili s-a mic\u0219orat de la un an la altul, ca un pulover sp\u0103lat prost, p\u00e2n\u0103 a ajuns o singur\u0103 camer\u0103, la propriu. Nu metaforic, nu poetic: chiar o camer\u0103. Era mic\u0103, dar ne \u00eenc\u0103pea pe to\u021bi! Cu o sob\u0103 cu plit\u0103 care duduia continuu, ca un animal b\u0103tr\u00e2n for\u021bat s\u0103 mai tr\u0103iasc\u0103 o iarn\u0103. Deasupra, o tigaie sf\u00e2r\u00e2ia \u00een permanen\u021b\u0103, \u00eentr-un zgomot care nu se mai oprea nici c\u00e2nd m\u00e2ncai, nici c\u00e2nd vorbeai, nici c\u00e2nd discutai aprins al s\u0103rb\u0103torii. Era zgomotul oficial al s\u0103rb\u0103torii. Exista \u0219i un pick-up, dar fie lipsea acul, fie doza cu totul, fie curentul electric. Discurile erau bune doar pentru decor, tablouri moderne ale unor arti\u0219ti populari.<\/p>\n\n\n\n<p>Atmosfera avea ceva ireal. Timpul st\u0103tea suspendat \u00eentre dou\u0103 pahare de vin, iar ceasurile refuzau s\u0103 func\u021bioneze din bun-sim\u021b. Nimeni nu \u0219tia exact c\u00e2t e ora, dar to\u021bi \u0219tiau precis c\u00e2nd \u201emai merge unul mic\u201d. \u0218i mai \u0219tiau ceva: c\u0103 unchiul Tudor lipse\u0219te. De fiecare dat\u0103 lipsea. Inevitabil. Pierdut prin \u0219opron, f\u0103r\u0103 lumin\u0103, f\u0103r\u0103 orientare \u0219i, dup\u0103 toate probabilit\u0103\u021bile, f\u0103r\u0103 un scop clar.<\/p>\n\n\n\n<p>\u0218opronul era un univers paralel, o gaur\u0103 neagr\u0103 \u00een care intrai om \u0219i ie\u0219eai problem\u0103. De acolo venea, invariabil, dezastrul. Unchiul Tudor r\u0103sturna sau sp\u0103rgea damigeana cu vinul pe care trebuia s\u0103-l bem, nu din neaten\u021bie, ci dintr-o voca\u021bie suspect de constant\u0103. Vinul se scurgea pe p\u0103m\u00e2nt, iar noi \u00eel priveam \u00een t\u0103cere, cu un respect religios, ca pe un martir. Cu excep\u021bia so\u021biei lui, n\u0103scut\u0103 cu un surplus de irascibilitate, nimeni nu se putea sup\u0103ra pe el. Nici m\u0103car s\u0103rb\u0103toritul, care \u021binea post de nervi \u00een ziua aia.<\/p>\n\n\n\n<p>Oricum, se turna alt vin. \u00centotdeauna exista \u201ealt vin\u201d. Poate mai prost, mai tulbure, mai periculos, dar alt vin. C\u00e2rna\u021bii continuau s\u0103 se pr\u0103jeasc\u0103, plita s\u0103 duduie, iar Lili s\u0103 fie s\u0103rb\u0103torit de parc\u0103 nu i s-ar fi \u00eent\u00e2mplat nimic, de parc\u0103 asta era normalitatea: o zi \u00een care m\u0103n\u00e2nci prea s\u0103rat, bei prea mult \u0219i pierzi prea mult pe jos.<\/p>\n\n\n\n<p>La plecare, hainele miroseau a fum, a porc \u0219i a vin. Pe talp\u0103 duceam, f\u0103r\u0103 s\u0103 vreau, c\u00e2teva pic\u0103turi din Sf\u00e2ntul Ionul acela. Acum, c\u00e2nd m\u0103 g\u00e2ndesc, \u00eemi dau seama c\u0103 nu vinul se pierdea, ci timpul. Doar c\u0103 noi nu \u0219tiam atunci. Beam \u0219i c\u0103lcam \u00een el, convin\u0219i c\u0103 mai avem destul.<\/p>\n\n\n\n<p>Greu de crezut, am fost \u0219i copil!<\/p>\n","protected":false},"excerpt":{"rendered":"<p>Pentru vecie, ziua de Sf\u00e2ntul Ion r\u0103m\u00e2ne str\u00e2ns legat\u0103 de c\u00e2rna\u021bii extra-pican\u021bi, ultra-s\u0103ra\u021bi \u0219i de vinul risipit pe p\u0103m\u00e2nt. Mult vin. At\u00e2t de mult \u00eenc\u00e2t, dac\u0103 l-ai fi adunat la un loc, probabil c\u0103 am fi putut sp\u0103la p\u0103catele c\u00e2torva genera\u021bii. \u00cel pomenesc, din nou, pe v\u0103rul Lili, Ion \u00een acte, pentru c\u0103 sunt foarte&#8230;<\/p>\n","protected":false},"author":2,"featured_media":0,"comment_status":"closed","ping_status":"open","sticky":false,"template":"","format":"standard","meta":[],"categories":[5],"tags":[],"_links":{"self":[{"href":"https:\/\/www.dedes.ro\/index.php\/wp-json\/wp\/v2\/posts\/4893"}],"collection":[{"href":"https:\/\/www.dedes.ro\/index.php\/wp-json\/wp\/v2\/posts"}],"about":[{"href":"https:\/\/www.dedes.ro\/index.php\/wp-json\/wp\/v2\/types\/post"}],"author":[{"embeddable":true,"href":"https:\/\/www.dedes.ro\/index.php\/wp-json\/wp\/v2\/users\/2"}],"replies":[{"embeddable":true,"href":"https:\/\/www.dedes.ro\/index.php\/wp-json\/wp\/v2\/comments?post=4893"}],"version-history":[{"count":1,"href":"https:\/\/www.dedes.ro\/index.php\/wp-json\/wp\/v2\/posts\/4893\/revisions"}],"predecessor-version":[{"id":4894,"href":"https:\/\/www.dedes.ro\/index.php\/wp-json\/wp\/v2\/posts\/4893\/revisions\/4894"}],"wp:attachment":[{"href":"https:\/\/www.dedes.ro\/index.php\/wp-json\/wp\/v2\/media?parent=4893"}],"wp:term":[{"taxonomy":"category","embeddable":true,"href":"https:\/\/www.dedes.ro\/index.php\/wp-json\/wp\/v2\/categories?post=4893"},{"taxonomy":"post_tag","embeddable":true,"href":"https:\/\/www.dedes.ro\/index.php\/wp-json\/wp\/v2\/tags?post=4893"}],"curies":[{"name":"wp","href":"https:\/\/api.w.org\/{rel}","templated":true}]}}