{"id":4951,"date":"2026-09-04T14:59:34","date_gmt":"2026-09-04T12:59:34","guid":{"rendered":"https:\/\/www.dedes.ro\/?p=4951"},"modified":"2026-09-04T14:59:34","modified_gmt":"2026-09-04T12:59:34","slug":"oftat","status":"publish","type":"post","link":"https:\/\/www.dedes.ro\/index.php\/2026\/09\/04\/oftat\/","title":{"rendered":"Oftat"},"content":{"rendered":"\n<p>Toamna, oftez zilnic de cel pu\u021bin trei ori.<\/p>\n\n\n\n<p>O dat\u0103 pentru tot ce puteam s\u0103 fac \u0219i n-am f\u0103cut. Pentru drumurile pe care nu le-am b\u0103tut cu pasul, pentru lucrurile pe care le-am am\u00e2nat p\u00e2n\u0103 c\u00e2nd n-au mai avut unde s\u0103 se \u00eent\u00e2mple.<\/p>\n\n\n\n<p>A doua oar\u0103 pentru c\u00e2te am f\u0103cut, de\u0219i, uneori, puteam foarte bine s\u0103 nu fac nimic. Poate c\u0103 ar fi fost mai simplu. Mai comod, de\u0219i comod nu am fost niciodat\u0103. Nici pentru mine, nici pentru al\u021bii.<\/p>\n\n\n\n<p>A treia oar\u0103 pentru p\u0103rin\u021bii mei, care m-au adus \u00een casa lor \u00eentr-o toamn\u0103 \u0219i pe care, de la o vreme, nu-i mai g\u0103sesc acolo.<\/p>\n\n\n\n<p>De f\u0103cut, pot s\u0103 nu fac multe \u00een continuare. De dor, \u00eens\u0103, suf\u0103r la maturitate c\u00e2t n-am suferit la tinere\u021be. Poate pentru c\u0103 atunci aveam impresia c\u0103 timpul este nesf\u00e2r\u0219it. Acum \u0219tiu c\u0103 este cea mai ner\u0103bd\u0103toare dihanie. Pe scurt, a mai trecut o var\u0103 \u0219i simt c\u0103 m\u0103 a\u0219teapt\u0103 o lung\u0103 toamn\u0103, cu zile \u00een care voi num\u0103ra frunzele, amintirile \u0219i lucrurile pe care \u00eenc\u0103 mai pot s\u0103 le fac.<\/p>\n","protected":false},"excerpt":{"rendered":"<p>Toamna, oftez zilnic de cel pu\u021bin trei ori. O dat\u0103 pentru tot ce puteam s\u0103 fac \u0219i n-am f\u0103cut. Pentru drumurile pe care nu le-am b\u0103tut cu pasul, pentru lucrurile pe care le-am am\u00e2nat p\u00e2n\u0103 c\u00e2nd n-au mai avut unde s\u0103 se \u00eent\u00e2mple. A doua oar\u0103 pentru c\u00e2te am f\u0103cut, de\u0219i, uneori, puteam foarte bine&#8230;<\/p>\n","protected":false},"author":2,"featured_media":0,"comment_status":"closed","ping_status":"open","sticky":false,"template":"","format":"standard","meta":[],"categories":[5],"tags":[],"_links":{"self":[{"href":"https:\/\/www.dedes.ro\/index.php\/wp-json\/wp\/v2\/posts\/4951"}],"collection":[{"href":"https:\/\/www.dedes.ro\/index.php\/wp-json\/wp\/v2\/posts"}],"about":[{"href":"https:\/\/www.dedes.ro\/index.php\/wp-json\/wp\/v2\/types\/post"}],"author":[{"embeddable":true,"href":"https:\/\/www.dedes.ro\/index.php\/wp-json\/wp\/v2\/users\/2"}],"replies":[{"embeddable":true,"href":"https:\/\/www.dedes.ro\/index.php\/wp-json\/wp\/v2\/comments?post=4951"}],"version-history":[{"count":1,"href":"https:\/\/www.dedes.ro\/index.php\/wp-json\/wp\/v2\/posts\/4951\/revisions"}],"predecessor-version":[{"id":4952,"href":"https:\/\/www.dedes.ro\/index.php\/wp-json\/wp\/v2\/posts\/4951\/revisions\/4952"}],"wp:attachment":[{"href":"https:\/\/www.dedes.ro\/index.php\/wp-json\/wp\/v2\/media?parent=4951"}],"wp:term":[{"taxonomy":"category","embeddable":true,"href":"https:\/\/www.dedes.ro\/index.php\/wp-json\/wp\/v2\/categories?post=4951"},{"taxonomy":"post_tag","embeddable":true,"href":"https:\/\/www.dedes.ro\/index.php\/wp-json\/wp\/v2\/tags?post=4951"}],"curies":[{"name":"wp","href":"https:\/\/api.w.org\/{rel}","templated":true}]}}