{"id":628,"date":"2009-01-26T09:27:25","date_gmt":"2009-01-26T06:27:25","guid":{"rendered":"http:\/\/dedes.wordpress.com\/?p=628"},"modified":"2009-01-26T09:27:25","modified_gmt":"2009-01-26T06:27:25","slug":"ploaie-in-ianuarie","status":"publish","type":"post","link":"https:\/\/www.dedes.ro\/index.php\/2009\/01\/26\/ploaie-in-ianuarie\/","title":{"rendered":"Ploaie \u00een ianuarie"},"content":{"rendered":"<p>Sunt extrem de \u00eencantat de vremea de afar\u0103. Co\u015fmarul copil\u0103riei este pus \u00een scen\u0103, extrem de des, \u00een 2009: ploaie \u00een luna ianuarie. De la ultima c\u0103m\u0103ru\u0163\u0103 a creierului, aceea pe care o \u0163in pentru b\u0103tr\u00e2ne\u0163e, p\u00e2n\u0103 la primul centimetru de piele din talp\u0103 m\u0103 simt agresat de aceast\u0103 vreme care pare pus\u0103 pe &#8222;arogan\u0163e&#8221;.\u00a0 Cu ochii pe fereastr\u0103, privind peste um\u0103r spre criza pe care nu o vezi dar o\u00a0sim\u0163i c\u0103 \u00ee\u0163i d\u0103 t\u00e2rcoale precum\u00a0fantoma unui\u00a0mistre\u0163 din Bihor, de fier s\u0103 fii \u015fi\u00a0 tot nu\u00a0po\u0163i s\u0103 pleci fluier\u00e2nd spre s\u0103pt\u0103m\u00e2na viitoare. \u00cen plus mai este \u015fi luni(ziua asta nu pot s\u0103 o \u00eenghit dec\u00e2t dac\u0103 este var\u0103, am 17 ani \u015fi sunt \u00een vacan\u0163\u0103). Vestea bun\u0103 este c\u0103 p\u00e2n\u0103 vineri ploaia nu se opre\u015fte, avem avantajul de a ne obi\u015fnui cu aproape orice.<\/p>\n","protected":false},"excerpt":{"rendered":"<p>Sunt extrem de \u00eencantat de vremea de afar\u0103. Co\u015fmarul copil\u0103riei este pus \u00een scen\u0103, extrem de des, \u00een 2009: ploaie \u00een luna ianuarie. De la ultima c\u0103m\u0103ru\u0163\u0103 a creierului, aceea pe care o \u0163in pentru b\u0103tr\u00e2ne\u0163e, p\u00e2n\u0103 la primul centimetru de piele din talp\u0103 m\u0103 simt agresat de aceast\u0103 vreme care pare pus\u0103 pe &#8222;arogan\u0163e&#8221;.\u00a0&#8230;<\/p>\n","protected":false},"author":2,"featured_media":0,"comment_status":"open","ping_status":"open","sticky":false,"template":"","format":"standard","meta":[],"categories":[5],"tags":[],"_links":{"self":[{"href":"https:\/\/www.dedes.ro\/index.php\/wp-json\/wp\/v2\/posts\/628"}],"collection":[{"href":"https:\/\/www.dedes.ro\/index.php\/wp-json\/wp\/v2\/posts"}],"about":[{"href":"https:\/\/www.dedes.ro\/index.php\/wp-json\/wp\/v2\/types\/post"}],"author":[{"embeddable":true,"href":"https:\/\/www.dedes.ro\/index.php\/wp-json\/wp\/v2\/users\/2"}],"replies":[{"embeddable":true,"href":"https:\/\/www.dedes.ro\/index.php\/wp-json\/wp\/v2\/comments?post=628"}],"version-history":[{"count":0,"href":"https:\/\/www.dedes.ro\/index.php\/wp-json\/wp\/v2\/posts\/628\/revisions"}],"wp:attachment":[{"href":"https:\/\/www.dedes.ro\/index.php\/wp-json\/wp\/v2\/media?parent=628"}],"wp:term":[{"taxonomy":"category","embeddable":true,"href":"https:\/\/www.dedes.ro\/index.php\/wp-json\/wp\/v2\/categories?post=628"},{"taxonomy":"post_tag","embeddable":true,"href":"https:\/\/www.dedes.ro\/index.php\/wp-json\/wp\/v2\/tags?post=628"}],"curies":[{"name":"wp","href":"https:\/\/api.w.org\/{rel}","templated":true}]}}