{"id":673,"date":"2009-02-17T22:15:59","date_gmt":"2009-02-17T19:15:59","guid":{"rendered":"http:\/\/dedes.wordpress.com\/?p=652"},"modified":"2009-02-17T22:15:59","modified_gmt":"2009-02-17T19:15:59","slug":"virgula-si-cate-un-punct","status":"publish","type":"post","link":"https:\/\/www.dedes.ro\/index.php\/2009\/02\/17\/virgula-si-cate-un-punct\/","title":{"rendered":"Virgul\u0103 \u015fi c\u00e2te un punct"},"content":{"rendered":"<p><img decoding=\"async\" loading=\"lazy\" class=\"alignleft size-medium wp-image-653\" title=\"virgula\" src=\"http:\/\/dedes.files.wordpress.com\/2009\/02\/virgula.jpg?w=300\" alt=\"virgula\" width=\"300\" height=\"200\" \/>Uneori e cazul s\u0103 red\u0103m demnitatea semnelor de punctua\u0163ie punct Chiar \u015fi \u00eentr-o banal\u0103 chitan\u0163\u0103 punct O virgul\u0103 la vremea ei face c\u00e2t punct punct punct<\/p>\n","protected":false},"excerpt":{"rendered":"<p>Uneori e cazul s\u0103 red\u0103m demnitatea semnelor de punctua\u0163ie punct Chiar \u015fi \u00eentr-o banal\u0103 chitan\u0163\u0103 punct O virgul\u0103 la vremea ei face c\u00e2t punct punct punct<\/p>\n","protected":false},"author":2,"featured_media":0,"comment_status":"open","ping_status":"open","sticky":false,"template":"","format":"standard","meta":[],"categories":[5],"tags":[],"_links":{"self":[{"href":"https:\/\/www.dedes.ro\/index.php\/wp-json\/wp\/v2\/posts\/673"}],"collection":[{"href":"https:\/\/www.dedes.ro\/index.php\/wp-json\/wp\/v2\/posts"}],"about":[{"href":"https:\/\/www.dedes.ro\/index.php\/wp-json\/wp\/v2\/types\/post"}],"author":[{"embeddable":true,"href":"https:\/\/www.dedes.ro\/index.php\/wp-json\/wp\/v2\/users\/2"}],"replies":[{"embeddable":true,"href":"https:\/\/www.dedes.ro\/index.php\/wp-json\/wp\/v2\/comments?post=673"}],"version-history":[{"count":0,"href":"https:\/\/www.dedes.ro\/index.php\/wp-json\/wp\/v2\/posts\/673\/revisions"}],"wp:attachment":[{"href":"https:\/\/www.dedes.ro\/index.php\/wp-json\/wp\/v2\/media?parent=673"}],"wp:term":[{"taxonomy":"category","embeddable":true,"href":"https:\/\/www.dedes.ro\/index.php\/wp-json\/wp\/v2\/categories?post=673"},{"taxonomy":"post_tag","embeddable":true,"href":"https:\/\/www.dedes.ro\/index.php\/wp-json\/wp\/v2\/tags?post=673"}],"curies":[{"name":"wp","href":"https:\/\/api.w.org\/{rel}","templated":true}]}}