{"id":895,"date":"2009-07-22T17:55:44","date_gmt":"2009-07-22T15:55:44","guid":{"rendered":"http:\/\/www.dedes.ro\/?p=895"},"modified":"2009-07-22T18:02:48","modified_gmt":"2009-07-22T16:02:48","slug":"si-che","status":"publish","type":"post","link":"https:\/\/www.dedes.ro\/index.php\/2009\/07\/22\/si-che\/","title":{"rendered":"\u015ei C(h)e"},"content":{"rendered":"<p>C\u0103zut \u00een patima revolu\u0163iilor, pe care s\u0103 le fac din fotoliu, nu puteam s\u0103 ratez <img decoding=\"async\" loading=\"lazy\" class=\"alignleft size-medium wp-image-896\" title=\"che-movie-poster2\" src=\"http:\/\/www.dedes.ro\/wp-content\/uploads\/2009\/07\/che-movie-poster2-202x300.jpg\" alt=\"che-movie-poster2\" width=\"202\" height=\"300\" srcset=\"https:\/\/www.dedes.ro\/wp-content\/uploads\/2009\/07\/che-movie-poster2-202x300.jpg 202w, https:\/\/www.dedes.ro\/wp-content\/uploads\/2009\/07\/che-movie-poster2.jpg 353w\" sizes=\"(max-width: 202px) 100vw, 202px\" \/>ultimul film depre Ernesto Che Guevara. A\u015fa c\u0103 am servit Che: Part one, filmul lui Soderbergh. Din start spun c\u0103 nu sunt un fan al doctorului argentinian.\u00a0 Dup\u0103 ce vezi pelicula te \u00eentrebi \u00eens\u0103 cum oare poate fi r\u0103sturnat un regim de c\u0103tre un tip plin de ticuri \u015fi care se comport\u0103 ca o semicaricatur\u0103 \u015fi de un astmatic, care puf\u0103ie non-stop trabuce. C\u0103 s-a ocolit triumfalismul revolu\u0163ionar e clar dar am impresia c\u0103 s-a c\u0103zut \u00een extrema cealalt\u0103. M\u0103 a\u015fteptam la mai mult ca s\u0103 fiu sincer, cu revolu\u0163ionarii din film nu a\u015f pleca s\u0103 m\u0103 lupt nici m\u0103car cu o ga\u015fc\u0103 din Ferentari. Dar poate c\u0103 a\u015fa stau lucrurile \u00een realitate iar viziunea mea este dat\u0103 peste cap de c\u0103r\u0163ile de istorie (deformat\u0103) pe care le-am ingurgitat. Ca s\u0103 \u015ftii cum st\u0103 treaba cu o revolu\u0163ie trebuie s\u0103 tr\u0103ie\u015fti una (a\u015fa ca Ion Iliescu).<\/p>\n<p>Filmul merit\u0103 v\u0103zut, m\u0103car a\u015fa unii afl\u0103 ce e cu fa\u0163a aia de pe tricouri.<\/p>\n","protected":false},"excerpt":{"rendered":"<p>C\u0103zut \u00een patima revolu\u0163iilor, pe care s\u0103 le fac din fotoliu, nu puteam s\u0103 ratez ultimul film depre Ernesto Che Guevara. A\u015fa c\u0103 am servit Che: Part one, filmul lui Soderbergh. Din start spun c\u0103 nu sunt un fan al doctorului argentinian.\u00a0 Dup\u0103 ce vezi pelicula te \u00eentrebi \u00eens\u0103 cum oare poate fi r\u0103sturnat un&#8230;<\/p>\n","protected":false},"author":2,"featured_media":0,"comment_status":"open","ping_status":"open","sticky":false,"template":"","format":"standard","meta":[],"categories":[5],"tags":[],"_links":{"self":[{"href":"https:\/\/www.dedes.ro\/index.php\/wp-json\/wp\/v2\/posts\/895"}],"collection":[{"href":"https:\/\/www.dedes.ro\/index.php\/wp-json\/wp\/v2\/posts"}],"about":[{"href":"https:\/\/www.dedes.ro\/index.php\/wp-json\/wp\/v2\/types\/post"}],"author":[{"embeddable":true,"href":"https:\/\/www.dedes.ro\/index.php\/wp-json\/wp\/v2\/users\/2"}],"replies":[{"embeddable":true,"href":"https:\/\/www.dedes.ro\/index.php\/wp-json\/wp\/v2\/comments?post=895"}],"version-history":[{"count":3,"href":"https:\/\/www.dedes.ro\/index.php\/wp-json\/wp\/v2\/posts\/895\/revisions"}],"predecessor-version":[{"id":898,"href":"https:\/\/www.dedes.ro\/index.php\/wp-json\/wp\/v2\/posts\/895\/revisions\/898"}],"wp:attachment":[{"href":"https:\/\/www.dedes.ro\/index.php\/wp-json\/wp\/v2\/media?parent=895"}],"wp:term":[{"taxonomy":"category","embeddable":true,"href":"https:\/\/www.dedes.ro\/index.php\/wp-json\/wp\/v2\/categories?post=895"},{"taxonomy":"post_tag","embeddable":true,"href":"https:\/\/www.dedes.ro\/index.php\/wp-json\/wp\/v2\/tags?post=895"}],"curies":[{"name":"wp","href":"https:\/\/api.w.org\/{rel}","templated":true}]}}